{"id":10090,"date":"2021-06-18T23:03:18","date_gmt":"2021-06-18T21:03:18","guid":{"rendered":"https:\/\/sn.ambaguinee.org\/?p=10090"},"modified":"2021-06-18T23:03:18","modified_gmt":"2021-06-18T21:03:18","slug":"kankan-la-femme-enceinte-a-trouve-la-mort-suite-a-des-erreurs-et-aux-negligences-medicales-procureur","status":"publish","type":"post","link":"https:\/\/sn.ambaguinee.org\/?p=10090","title":{"rendered":"Kankan. La femme enceinte \u00ab a trouv\u00e9 la mort suite \u00e0 des erreurs, et aux n\u00e9gligences m\u00e9dicales \u00bb (Procureur)"},"content":{"rendered":"<div>\n<p>L\u2019autorisation vient d\u2019\u00eatre donn\u00e9e par le minist\u00e8re de la justice, garde des sceaux sur le dossier de la femme enceinte morte r\u00e9cemment \u00e0 l\u2019h\u00f4pital r\u00e9gional de Kankan pour faute d\u2019assistance \u00e0 la maternit\u00e9 dans la nuit du samedi 15 au dimanche 16 mai 2021.<\/p>\n<p>Le procureur de la R\u00e9publique pr\u00e8s le tribunal de premi\u00e8re Kankan a enfin rendu une d\u00e9claration publique dans la matin\u00e9e du jeudi 17 juin 2021 dans son bureau en pr\u00e9sence de quelques hommes de m\u00e9dias.<\/p>\n<p>Pour le procureur de la R\u00e9publique toujours droit dans ses bottes, affirme\u00a0\u00a0que\u00a0\u00a0l\u2019heure est venue pour le parquet d\u2019apporter quelques pr\u00e9cisions sur cette affaire qui a d\u00e9fray\u00e9\u00a0\u00a0la chronique dans la ville de Kankan.<\/p>\n<p>Dans cette d\u00e9claration rendue publique par le procureur de la R\u00e9publique pr\u00e8s le tribunal de premi\u00e8re instance de Kankan dans l\u2019affaire de dame Mariam Kand\u00e9, femme enceinte morte tout r\u00e9cemment \u00e0 l\u2019h\u00f4pital r\u00e9gional de Kankan pour\u00a0non-assistance \u00e0 la maternit\u00e9 a fait l\u2019objet d\u2019une d\u00e9claration dans le bureau m\u00eame du procureur de la R\u00e9publique aux environs de 11h 30mn \u00ab\u00a0Mme Mariam Kand\u00e9 a trouv\u00e9 la mort suite \u00e0 des erreurs, et aux n\u00e9gligences m\u00e9dicales. Ainsi Dr Mamadi Souar\u00e9 et Mme Fatoumata Camara ont \u00e9t\u00e9 plac\u00e9s r\u00e9guli\u00e8rement sous mandat de d\u00e9p\u00f4t et amen\u00e9s \u00e0 la maison centrale de Kankan\u00a0\u00bb, a-t-il dit.<\/p>\n<p>\u00c9galement, au cours de cette d\u00e9claration rendue dans la matin\u00e9e de ce jeudi, 17 juin 2021, le procureur\u00a0\u00a0a effectivement mentionn\u00e9 dans ses propos que certaines personnes ont \u00e9t\u00e9 entendues.<\/p>\n<p>Aly Tour\u00e9 pr\u00e9cise que les faits d\u2019homicide involontaire en R\u00e9publique de Guin\u00e9e sont punis par la loi \u00ab\u00a0les faits d\u2019homicides involontaires sont pr\u00e9vus et punis par les dispositions de l\u2019article 216 du code p\u00e9nal et punis allant d\u2019un an et cinq ans d\u2019emprisonnement et d\u2019une amende allant d\u2019un million \u00e0 dix millions de franc guin\u00e9en\u00a0\u00bb,\u00a0a-t-il ajout\u00e9.<\/p>\n<p>A rappeler que selon les informations de derni\u00e8res minutes, certains m\u00e9decins de l\u2019h\u00f4pital r\u00e9gional de Kankan sont menac\u00e9s par des citoyens venus soigner les malades, qui affirment clairement que quand leurs patients meurent ils auront \u00e0 faire avec eux.<\/p>\n<p><em><strong>AGP<\/strong><\/em><\/p>\n<p>PS: Le titre est de guinee7.com<\/p>\n<p>L\u2019article <a rel=\"nofollow\" href=\"https:\/\/www.guinee7.com\/kankan-la-femme-enceinte-a-trouve-la-mort-suite-a-des-erreurs-et-aux-negligences-medicales-procureur\/\">Kankan. La femme enceinte \u00ab a trouv\u00e9 la mort suite \u00e0 des erreurs, et aux n\u00e9gligences m\u00e9dicales \u00bb (Procureur)<\/a> est apparu en premier sur <a rel=\"nofollow\" href=\"https:\/\/www.guinee7.com\/\">Guinee7.com<\/a>.<\/p>\n<\/div>\n","protected":false},"excerpt":{"rendered":"<p>L\u2019autorisation vient d\u2019\u00eatre donn\u00e9e par le minist\u00e8re de la justice, garde des sceaux sur le dossier de la femme enceinte morte r\u00e9cemment \u00e0 l\u2019h\u00f4pital r\u00e9gional de Kankan pour faute d\u2019assistance \u00e0 la maternit\u00e9 dans la nuit du samedi 15 au dimanche 16 mai 2021. Le procureur de la R\u00e9publique pr\u00e8s le tribunal de premi\u00e8re Kankan &hellip;<\/p>\n","protected":false},"author":1,"featured_media":0,"comment_status":"closed","ping_status":"closed","sticky":false,"template":"","format":"standard","meta":{"footnotes":""},"categories":[2],"tags":[22],"_links":{"self":[{"href":"https:\/\/sn.ambaguinee.org\/index.php?rest_route=\/wp\/v2\/posts\/10090"}],"collection":[{"href":"https:\/\/sn.ambaguinee.org\/index.php?rest_route=\/wp\/v2\/posts"}],"about":[{"href":"https:\/\/sn.ambaguinee.org\/index.php?rest_route=\/wp\/v2\/types\/post"}],"author":[{"embeddable":true,"href":"https:\/\/sn.ambaguinee.org\/index.php?rest_route=\/wp\/v2\/users\/1"}],"replies":[{"embeddable":true,"href":"https:\/\/sn.ambaguinee.org\/index.php?rest_route=%2Fwp%2Fv2%2Fcomments&post=10090"}],"version-history":[{"count":0,"href":"https:\/\/sn.ambaguinee.org\/index.php?rest_route=\/wp\/v2\/posts\/10090\/revisions"}],"wp:attachment":[{"href":"https:\/\/sn.ambaguinee.org\/index.php?rest_route=%2Fwp%2Fv2%2Fmedia&parent=10090"}],"wp:term":[{"taxonomy":"category","embeddable":true,"href":"https:\/\/sn.ambaguinee.org\/index.php?rest_route=%2Fwp%2Fv2%2Fcategories&post=10090"},{"taxonomy":"post_tag","embeddable":true,"href":"https:\/\/sn.ambaguinee.org\/index.php?rest_route=%2Fwp%2Fv2%2Ftags&post=10090"}],"curies":[{"name":"wp","href":"https:\/\/api.w.org\/{rel}","templated":true}]}}