{"id":10140,"date":"2021-06-19T23:02:23","date_gmt":"2021-06-19T21:02:23","guid":{"rendered":"https:\/\/sn.ambaguinee.org\/?p=10140"},"modified":"2021-06-19T23:02:23","modified_gmt":"2021-06-19T21:02:23","slug":"a-sa-sortie-de-prison-grenade-reconnaissant-envers-alpha-conde-il-nous-a-prouves-que-cest-lui-le-papa-de-la-nation","status":"publish","type":"post","link":"https:\/\/sn.ambaguinee.org\/?p=10140","title":{"rendered":"A sa sortie de prison, Grenade reconnaissant envers Alpha Cond\u00e9 : \u00ab Il nous a prouv\u00e9s que c\u2019est lui le papa de la nation \u00bb"},"content":{"rendered":"<div>\n<p>Apr\u00e8s avoir \u00e9t\u00e9 graci\u00e9 par le pr\u00e9sident de la R\u00e9publique, Aboubacar Diallo alias \u00ab\u00a0Grenade\u00a0\u00bb, condamn\u00e9 \u00e0 une peine de 10 ans d\u2019emprisonnement et Mamady Cond\u00e9 alias \u00ab\u00a0Madic 100fronti\u00e8re\u00a0\u00bb, tous deux opposants au r\u00e9gime en place, ont recouvr\u00e9 leur libert\u00e9 ce samedi matin.<\/p>\n<p>Les deux ont \u00e9t\u00e9 accueillis par leurs proches \u00e0 leur sortie des locaux de la maison centrale.<\/p>\n<p>Dans ses premiers propos, Grenade a remerci\u00e9, \u00ab\u00a0le chef de l\u2019Etat d\u2019avoir pens\u00e9 \u00e0 nous. Et de nous avoir fait comprendre qu\u2019il est conscient de qu\u2019il est et dans ce qu\u2019il est. Il nous a prouv\u00e9 que c\u2019est lui le papa de la nation\u00a0\u00bb.<\/p>\n<p>Il a ensuite remerci\u00e9 tous ceux qui ont contribu\u00e9 \u00e0 sa lib\u00e9ration, notamment, ses avocats et le ministre de la Justice. Mais aussi le r\u00e9gisseur, le m\u00e9decin et les infirmi\u00e8res de la Maison centrale.<\/p>\n<p>Avant de lancer : \u00ab\u00a0Apr\u00e8s ici, c\u2019est chez ma grand-m\u00e8re.\u00a0\u00bb<br \/><iframe loading=\"lazy\" title=\"YouTube video player\" src=\"https:\/\/www.youtube.com\/embed\/TBck8rhAOkA\" width=\"790\" height=\"435\" frameborder=\"0\" allowfullscreen=\"allowfullscreen\"><\/iframe><\/p>\n<p>Apparemment heureux, Me Salifou Beavogui, avocat des deux graci\u00e9s, a \u00e9galement remerci\u00e9 le pr\u00e9sident de la R\u00e9publique et le ministre de la Justice. Avant de souhaiter que le pr\u00e9sident \u00e9largisse \u00ab\u00a0cette mesure salvatrice\u00a0\u00bb, \u00e0 d\u2019autres de ses clients, tels que : \u00ab\u00a0Commandant AOB, Jean Guilavogui, Ousmane Gaoual Diallo, Cellou Bald\u00e9, \u00c9tienne Soropogui, Mamady Cond\u00e9, Youssouf Dioubat\u00e9\u2026\u00a0\u00bb<\/p>\n<p><strong>Abdou Lory Sylla pour\u00a0<a href=\"http:\/\/guinee7.com\/\" data-saferedirecturl=\"https:\/\/www.google.com\/url?q=http:\/\/guinee7.com&amp;source=gmail&amp;ust=1624193278171000&amp;usg=AFQjCNGhNvk-VaTYp-swJ26m_klWaWYjtg\">guinee7.com<\/a>\u00a0<\/strong><\/p>\n<p>L\u2019article <a rel=\"nofollow\" href=\"https:\/\/www.guinee7.com\/a-sa-sortie-de-prison-grenade-reconnaissant-envers-alpha-conde-il-nous-a-prouves-que-cest-lui-le-papa-de-la-nation\/\">A sa sortie de prison, Grenade reconnaissant envers Alpha Cond\u00e9 : \u00ab Il nous a prouv\u00e9s que c\u2019est lui le papa de la nation \u00bb<\/a> est apparu en premier sur <a rel=\"nofollow\" href=\"https:\/\/www.guinee7.com\/\">Guinee7.com<\/a>.<\/p>\n<\/div>\n","protected":false},"excerpt":{"rendered":"<p>Apr\u00e8s avoir \u00e9t\u00e9 graci\u00e9 par le pr\u00e9sident de la R\u00e9publique, Aboubacar Diallo alias \u00ab\u00a0Grenade\u00a0\u00bb, condamn\u00e9 \u00e0 une peine de 10 ans d\u2019emprisonnement et Mamady Cond\u00e9 alias \u00ab\u00a0Madic 100fronti\u00e8re\u00a0\u00bb, tous deux opposants au r\u00e9gime en place, ont recouvr\u00e9 leur libert\u00e9 ce samedi matin. Les deux ont \u00e9t\u00e9 accueillis par leurs proches \u00e0 leur sortie des locaux &hellip;<\/p>\n","protected":false},"author":1,"featured_media":0,"comment_status":"closed","ping_status":"closed","sticky":false,"template":"","format":"standard","meta":{"footnotes":""},"categories":[2],"tags":[22],"_links":{"self":[{"href":"https:\/\/sn.ambaguinee.org\/index.php?rest_route=\/wp\/v2\/posts\/10140"}],"collection":[{"href":"https:\/\/sn.ambaguinee.org\/index.php?rest_route=\/wp\/v2\/posts"}],"about":[{"href":"https:\/\/sn.ambaguinee.org\/index.php?rest_route=\/wp\/v2\/types\/post"}],"author":[{"embeddable":true,"href":"https:\/\/sn.ambaguinee.org\/index.php?rest_route=\/wp\/v2\/users\/1"}],"replies":[{"embeddable":true,"href":"https:\/\/sn.ambaguinee.org\/index.php?rest_route=%2Fwp%2Fv2%2Fcomments&post=10140"}],"version-history":[{"count":0,"href":"https:\/\/sn.ambaguinee.org\/index.php?rest_route=\/wp\/v2\/posts\/10140\/revisions"}],"wp:attachment":[{"href":"https:\/\/sn.ambaguinee.org\/index.php?rest_route=%2Fwp%2Fv2%2Fmedia&parent=10140"}],"wp:term":[{"taxonomy":"category","embeddable":true,"href":"https:\/\/sn.ambaguinee.org\/index.php?rest_route=%2Fwp%2Fv2%2Fcategories&post=10140"},{"taxonomy":"post_tag","embeddable":true,"href":"https:\/\/sn.ambaguinee.org\/index.php?rest_route=%2Fwp%2Fv2%2Ftags&post=10140"}],"curies":[{"name":"wp","href":"https:\/\/api.w.org\/{rel}","templated":true}]}}