{"id":101862,"date":"2026-04-26T23:04:28","date_gmt":"2026-04-26T21:04:28","guid":{"rendered":"https:\/\/sn.ambaguinee.org\/?p=101862"},"modified":"2026-04-26T23:04:28","modified_gmt":"2026-04-26T21:04:28","slug":"attaques-meurtrieres-au-mali-la-cedeao-hausse-le-ton-et-appelle-a-une-riposte-regionale","status":"publish","type":"post","link":"https:\/\/sn.ambaguinee.org\/?p=101862","title":{"rendered":"Attaques meurtri\u00e8res au Mali : la CEDEAO hausse le ton et appelle \u00e0 une riposte r\u00e9gionale"},"content":{"rendered":"<div>\n<div style=\"margin-bottom:20px;\"><img width=\"220\" height=\"150\"src=\"https:\/\/i0.wp.com\/mediaguinee.com\/wp-content\/uploads\/2022\/12\/Cedeao-Abuja.jpg?zoom=3&amp;resize=220,150&amp;ssl=1\" class=\"attachment-post-thumbnail size-post-thumbnail wp-post-image\" alt=\"\" decoding=\"async\" srcset=\"https:\/\/i0.wp.com\/mediaguinee.com\/wp-content\/uploads\/2022\/12\/Cedeao-Abuja.jpg?resize=220%2C150&amp;ssl=1 220w, https:\/\/i0.wp.com\/mediaguinee.com\/wp-content\/uploads\/2022\/12\/Cedeao-Abuja.jpg?zoom=2&amp;resize=220%2C150&amp;ssl=1 440w, https:\/\/i0.wp.com\/mediaguinee.com\/wp-content\/uploads\/2022\/12\/Cedeao-Abuja.jpg?zoom=3&amp;resize=220,150&amp;ssl=1 660w\" sizes=\"(max-width: 220px) 100vw, 220px\" data-attachment-id=\"210116\" data-permalink=\"https:\/\/mediaguinee.com\/2022\/12\/sommet-de-la-cedeao-a-abuja-guinee-mali-burkina-faso-boni-sur-place-force-anti-putsch-de-notre-envoye-special\/cedeao-abuja\/\" data-orig-file=\"https:\/\/i0.wp.com\/mediaguinee.com\/wp-content\/uploads\/2022\/12\/Cedeao-Abuja.jpg?fit=1600%2C1068&amp;ssl=1\" data-orig-size=\"1600,1068\" data-comments-opened=\"1\" data-image-meta='{\"aperture\":\"0\",\"credit\":\"\",\"camera\":\"\",\"caption\":\"\",\"created_timestamp\":\"0\",\"copyright\":\"\",\"focal_length\":\"0\",\"iso\":\"0\",\"shutter_speed\":\"0\",\"title\":\"\",\"orientation\":\"0\"}' data-image-title=\"Cedeao Abuja\" data-image-description=\"\" data-image-caption=\"\" data-large-file=\"https:\/\/i0.wp.com\/mediaguinee.com\/wp-content\/uploads\/2022\/12\/Cedeao-Abuja.jpg?fit=1024%2C684&amp;ssl=1\"><\/div>\n<p>Au lendemain d\u2019une s\u00e9rie d\u2019attaques terroristes survenues au Mali, la Communaut\u00e9 \u00e9conomique des \u00c9tats de l\u2019Afrique de l\u2019Ouest (CEDEAO) a publi\u00e9 un communiqu\u00e9 dans lequel elle a exprim\u00e9 une condamnation ferme et appel\u00e9 \u00e0 une mobilisation collective pour endiguer l\u2019ins\u00e9curit\u00e9 persistante en Afrique de l\u2019Ouest.<\/p>\n<p>\u00ab La Communaut\u00e9 \u00e9conomique des \u00c9tats de l\u2019Afrique de l\u2019Ouest (CEDEAO) condamne fermement les attaques terroristes qui ont eu lieu le samedi 25 avril 2026 dans plusieurs localit\u00e9s de la R\u00e9publique du Mali. Ces actes odieux d\u00e9montrent une fois de plus la nature barbare des auteurs, qui continuent de menacer la paix, la s\u00e9curit\u00e9 et la stabilit\u00e9 dans l\u2019ensemble de la sous-r\u00e9gion de l\u2019Afrique de l\u2019Ouest. \u00bb<\/p>\n<p>Face \u00e0 cette nouvelle flamb\u00e9e de violence, l\u2019organisation r\u00e9gionale insiste sur la n\u00e9cessit\u00e9 d\u2019une r\u00e9ponse collective et coordonn\u00e9e. Elle exhorte les \u00c9tats membres, les forces de d\u00e9fense et de s\u00e9curit\u00e9, ainsi que les m\u00e9canismes r\u00e9gionaux, \u00e0 intensifier leur coop\u00e9ration pour faire face \u00e0 une menace qui d\u00e9passe les fronti\u00e8res nationales.<\/p>\n<p>\u00ab La CEDEAO appelle tous les \u00c9tats, les forces de s\u00e9curit\u00e9, les m\u00e9canismes r\u00e9gionaux et les populations de l\u2019Afrique de l\u2019Ouest \u00e0 s\u2019unir et \u00e0 se mobiliser dans un effort coordonn\u00e9 pour lutter contre ce fl\u00e9au. \u00bb<\/p>\n<p>Au-del\u00e0 de la condamnation, le communiqu\u00e9 met \u00e9galement l\u2019accent sur la solidarit\u00e9 envers les victimes et le peuple malien, durement \u00e9prouv\u00e9 par ces violences r\u00e9p\u00e9t\u00e9es. L\u2019organisation sous-r\u00e9gionale a tenu \u00e0 exprimer son soutien aux autorit\u00e9s du pays, dans un contexte s\u00e9curitaire d\u00e9j\u00e0 fragile.<\/p>\n<p>\u00ab La CEDEAO pr\u00e9sente ses sinc\u00e8res condol\u00e9ances aux familles des victimes et exprime sa pleine solidarit\u00e9 avec le peuple et les autorit\u00e9s de la R\u00e9publique du Mali. \u00bb<\/p>\n<p><img data-recalc-dims=\"1\" decoding=\"async\" data-attachment-id=\"314161\" data-permalink=\"https:\/\/mediaguinee.com\/2026\/04\/attaques-meurtrieres-au-mali-la-cedeao-hausse-le-ton-et-appelle-a-une-riposte-regionale\/screenshot_20260426_142852_messenger\/\" data-orig-file=\"https:\/\/i0.wp.com\/mediaguinee.com\/wp-content\/uploads\/2026\/04\/Screenshot_20260426_142852_Messenger.jpg?fit=957%2C1340&amp;ssl=1\" data-orig-size=\"957,1340\" data-comments-opened=\"1\" data-image-meta='{\"aperture\":\"0\",\"credit\":\"\",\"camera\":\"\",\"caption\":\"\",\"created_timestamp\":\"0\",\"copyright\":\"\",\"focal_length\":\"0\",\"iso\":\"0\",\"shutter_speed\":\"0\",\"title\":\"\",\"orientation\":\"1\"}' data-image-title=\"Screenshot_20260426_142852_Messenger\" data-image-description=\"\" data-image-caption=\"\" data-large-file=\"https:\/\/i0.wp.com\/mediaguinee.com\/wp-content\/uploads\/2026\/04\/Screenshot_20260426_142852_Messenger.jpg?fit=731%2C1024&amp;ssl=1\" class=\"alignnone wp-image-314161 size-full\"src=\"https:\/\/i0.wp.com\/mediaguinee.com\/wp-content\/uploads\/2026\/04\/Screenshot_20260426_142852_Messenger.jpg?w=957&amp;ssl=1\" alt=\"\" width=\"957\" height=\"1340\" srcset=\"https:\/\/i0.wp.com\/mediaguinee.com\/wp-content\/uploads\/2026\/04\/Screenshot_20260426_142852_Messenger.jpg?w=957&amp;ssl=1 957w, https:\/\/i0.wp.com\/mediaguinee.com\/wp-content\/uploads\/2026\/04\/Screenshot_20260426_142852_Messenger.jpg?resize=214%2C300&amp;ssl=1 214w, https:\/\/i0.wp.com\/mediaguinee.com\/wp-content\/uploads\/2026\/04\/Screenshot_20260426_142852_Messenger.jpg?resize=731%2C1024&amp;ssl=1 731w, https:\/\/i0.wp.com\/mediaguinee.com\/wp-content\/uploads\/2026\/04\/Screenshot_20260426_142852_Messenger.jpg?resize=768%2C1075&amp;ssl=1 768w\" sizes=\"(max-width: 957px) 100vw, 957px\"><\/p>\n<p>Christine Finda Kamano<\/p>\n<p>L\u2019article <a href=\"https:\/\/mediaguinee.com\/2026\/04\/attaques-meurtrieres-au-mali-la-cedeao-hausse-le-ton-et-appelle-a-une-riposte-regionale\/\">Attaques meurtri\u00e8res au Mali : la CEDEAO hausse le ton et appelle \u00e0 une riposte r\u00e9gionale<\/a> est apparu en premier sur <a href=\"https:\/\/mediaguinee.com\/\">Mediaguinee.com<\/a>.<\/p>\n<\/div>\n","protected":false},"excerpt":{"rendered":"<p>Au lendemain d\u2019une s\u00e9rie d\u2019attaques terroristes survenues au Mali, la Communaut\u00e9 \u00e9conomique des \u00c9tats de l\u2019Afrique de l\u2019Ouest (CEDEAO) a publi\u00e9 un communiqu\u00e9 dans lequel elle a exprim\u00e9 une condamnation ferme et appel\u00e9 \u00e0 une mobilisation collective pour endiguer l\u2019ins\u00e9curit\u00e9 persistante en Afrique de l\u2019Ouest. \u00ab La Communaut\u00e9 \u00e9conomique des \u00c9tats de l\u2019Afrique de l\u2019Ouest &hellip;<\/p>\n","protected":false},"author":1,"featured_media":0,"comment_status":"closed","ping_status":"closed","sticky":false,"template":"","format":"standard","meta":{"footnotes":""},"categories":[2],"tags":[23],"_links":{"self":[{"href":"https:\/\/sn.ambaguinee.org\/index.php?rest_route=\/wp\/v2\/posts\/101862"}],"collection":[{"href":"https:\/\/sn.ambaguinee.org\/index.php?rest_route=\/wp\/v2\/posts"}],"about":[{"href":"https:\/\/sn.ambaguinee.org\/index.php?rest_route=\/wp\/v2\/types\/post"}],"author":[{"embeddable":true,"href":"https:\/\/sn.ambaguinee.org\/index.php?rest_route=\/wp\/v2\/users\/1"}],"replies":[{"embeddable":true,"href":"https:\/\/sn.ambaguinee.org\/index.php?rest_route=%2Fwp%2Fv2%2Fcomments&post=101862"}],"version-history":[{"count":0,"href":"https:\/\/sn.ambaguinee.org\/index.php?rest_route=\/wp\/v2\/posts\/101862\/revisions"}],"wp:attachment":[{"href":"https:\/\/sn.ambaguinee.org\/index.php?rest_route=%2Fwp%2Fv2%2Fmedia&parent=101862"}],"wp:term":[{"taxonomy":"category","embeddable":true,"href":"https:\/\/sn.ambaguinee.org\/index.php?rest_route=%2Fwp%2Fv2%2Fcategories&post=101862"},{"taxonomy":"post_tag","embeddable":true,"href":"https:\/\/sn.ambaguinee.org\/index.php?rest_route=%2Fwp%2Fv2%2Ftags&post=101862"}],"curies":[{"name":"wp","href":"https:\/\/api.w.org\/{rel}","templated":true}]}}