{"id":101863,"date":"2026-04-26T23:04:29","date_gmt":"2026-04-26T21:04:29","guid":{"rendered":"https:\/\/sn.ambaguinee.org\/?p=101863"},"modified":"2026-04-26T23:04:29","modified_gmt":"2026-04-26T21:04:29","slug":"guinee-italie-une-conference-rend-hommage-a-guglielmo-marconi-pionnier-de-la-radio-mondiale","status":"publish","type":"post","link":"https:\/\/sn.ambaguinee.org\/?p=101863","title":{"rendered":"Guin\u00e9e-Italie : une conf\u00e9rence rend hommage \u00e0 Guglielmo Marconi, pionnier de la radio mondiale"},"content":{"rendered":"<div>\n<div style=\"margin-bottom:20px;\"><img width=\"2048\" height=\"1536\"src=\"https:\/\/i0.wp.com\/mediaguinee.com\/wp-content\/uploads\/2026\/04\/received_2074725669773330.jpeg?w=2048&amp;ssl=1\" class=\"attachment-post-thumbnail size-post-thumbnail wp-post-image\" alt=\"\" decoding=\"async\" srcset=\"https:\/\/i0.wp.com\/mediaguinee.com\/wp-content\/uploads\/2026\/04\/received_2074725669773330.jpeg?w=2048&amp;ssl=1 2048w, https:\/\/i0.wp.com\/mediaguinee.com\/wp-content\/uploads\/2026\/04\/received_2074725669773330.jpeg?resize=300%2C225&amp;ssl=1 300w, https:\/\/i0.wp.com\/mediaguinee.com\/wp-content\/uploads\/2026\/04\/received_2074725669773330.jpeg?resize=1024%2C768&amp;ssl=1 1024w, https:\/\/i0.wp.com\/mediaguinee.com\/wp-content\/uploads\/2026\/04\/received_2074725669773330.jpeg?resize=768%2C576&amp;ssl=1 768w, https:\/\/i0.wp.com\/mediaguinee.com\/wp-content\/uploads\/2026\/04\/received_2074725669773330.jpeg?resize=1536%2C1152&amp;ssl=1 1536w, https:\/\/i0.wp.com\/mediaguinee.com\/wp-content\/uploads\/2026\/04\/received_2074725669773330.jpeg?resize=86%2C64&amp;ssl=1 86w\" sizes=\"(max-width: 2048px) 100vw, 2048px\" data-attachment-id=\"314164\" data-permalink=\"https:\/\/mediaguinee.com\/2026\/04\/guinee-italie-une-conference-rend-hommage-a-guglielmo-marconi-pionnier-de-la-radio-mondiale\/received_2074725669773330\/\" data-orig-file=\"https:\/\/i0.wp.com\/mediaguinee.com\/wp-content\/uploads\/2026\/04\/received_2074725669773330.jpeg?fit=2048%2C1536&amp;ssl=1\" data-orig-size=\"2048,1536\" data-comments-opened=\"1\" data-image-meta='{\"aperture\":\"0\",\"credit\":\"\",\"camera\":\"\",\"caption\":\"\",\"created_timestamp\":\"0\",\"copyright\":\"\",\"focal_length\":\"0\",\"iso\":\"0\",\"shutter_speed\":\"0\",\"title\":\"\",\"orientation\":\"0\"}' data-image-title=\"received_2074725669773330\" data-image-description=\"\" data-image-caption=\"\" data-large-file=\"https:\/\/i0.wp.com\/mediaguinee.com\/wp-content\/uploads\/2026\/04\/received_2074725669773330.jpeg?fit=1024%2C768&amp;ssl=1\"><\/div>\n<p>La figure de Guglielmo Marconi, inventeur de la premi\u00e8re radio au monde, \u00e9tait au centre d\u2019une conf\u00e9rence de presse tenue samedi 25 avril \u00e0 Conakry par la Fondation Aboubacar Camara pour la Science.<\/p>\n<p>Face aux m\u00e9dias, le pr\u00e9sident de la fondation, Aboubacar Camara, journaliste et chroniqueur scientifique de longue date, en compagnie de l\u2019ambassadeur d\u2019Italie en Guin\u00e9e, Maurizio Crociatelli, et de Naby Camara, technicien \u00e0 la RTG, a expliqu\u00e9 que cette initiative vise \u00e0 c\u00e9l\u00e9brer l\u2019anniversaire de celui qu\u2019il consid\u00e8re comme l\u2019un des plus grands scientifiques de l\u2019histoire moderne.<\/p>\n<p>\u00ab L\u2019objectif est de c\u00e9l\u00e9brer l\u2019anniversaire du p\u00e8re de la radio, Guglielmo Marconi. C\u2019est lui qui a invent\u00e9 la premi\u00e8re radio du monde. \u00c9tant moi-m\u00eame chroniqueur scientifique et journaliste radio depuis les ann\u00e9es 70, je ne fais que de la radio \u00bb, a-t-il d\u00e9clar\u00e9.<\/p>\n<p>Passionn\u00e9 de science et de communication, Aboubacar Camara a rappel\u00e9 ses liens avec plusieurs cercles scientifiques italiens, notamment gr\u00e2ce \u00e0 sa proximit\u00e9 avec le professeur Antonino Zichichi, une r\u00e9f\u00e9rence mondiale dans le domaine scientifique.<\/p>\n<p>Selon lui, Marconi a r\u00e9ussi \u00e0 r\u00e9unir plusieurs d\u00e9couvertes majeures de son \u00e9poque pour donner naissance \u00e0 la radio moderne.<\/p>\n<p>\u00ab C\u2019est lui qui a donn\u00e9 naissance \u00e0 la radio en regroupant plusieurs inventions : celle de l\u2019Allemand Hertz, l\u2019antenne de Popov et le coh\u00e9reur du Fran\u00e7ais Branly \u00bb, a-t-il expliqu\u00e9.<\/p>\n<p>Le pr\u00e9sident de la fondation a \u00e9galement \u00e9voqu\u00e9 les d\u00e9buts difficiles de Marconi, affirmant que ses id\u00e9es r\u00e9volutionnaires avaient d\u2019abord \u00e9t\u00e9 per\u00e7ues comme de la folie.<\/p>\n<p>\u00ab Lorsqu\u2019il affirmait qu\u2019on pouvait parler \u00e0 Rome et \u00eatre entendu \u00e0 Mod\u00e8ne ou en Am\u00e9rique, on pensait qu\u2019il \u00e9tait malade \u00bb, a-t-il rappel\u00e9, soulignant que l\u2019histoire a finalement donn\u00e9 raison au scientifique italien.<\/p>\n<p>Pr\u00e9sent \u00e0 cette rencontre, l\u2019ambassadeur d\u2019Italie en Guin\u00e9e, Maurizio Crociatelli, a salu\u00e9 l\u2019initiative et remerci\u00e9 les organisateurs pour cet hommage rendu \u00e0 une figure embl\u00e9matique de la science italienne.<\/p>\n<p>\u00ab La conf\u00e9rence \u00e9tait tr\u00e8s int\u00e9ressante. Je veux remercier d\u2019abord le pr\u00e9sident de la fondation pour avoir donn\u00e9 l\u2019opportunit\u00e9 de c\u00e9l\u00e9brer la figure de ce scientifique \u00e9minent, Guglielmo Marconi \u00bb, a-t-il affirm\u00e9.<\/p>\n<p>Le diplomate italien a insist\u00e9 sur l\u2019importance de rappeler aux jeunes g\u00e9n\u00e9rations le r\u00f4le majeur jou\u00e9 par Marconi dans l\u2019\u00e9volution de la communication moderne, estimant que son invention a ouvert la voie \u00e0 plusieurs technologies actuelles.<\/p>\n<p>\u00ab C\u2019est l\u2019inventeur de la radio et, par extension, de tout ce qui est venu apr\u00e8s, Internet inclus \u00bb, a-t-il soulign\u00e9.<\/p>\n<p>Maurizio Crociatelli a \u00e9galement \u00e9voqu\u00e9 les relations anciennes entre l\u2019ambassade d\u2019Italie et la Fondation Aboubacar Camara pour la Science, esp\u00e9rant une relance de cette coop\u00e9ration au b\u00e9n\u00e9fice des \u00e9changes scientifiques et culturels entre les deux pays.<\/p>\n<p>Cette rencontre a aussi \u00e9t\u00e9 marqu\u00e9e par un hommage \u00e0 Antonino Zichichi, scientifique italien de renom et ami personnel d\u2019Aboubacar Camara, d\u00e9c\u00e9d\u00e9 en f\u00e9vrier dernier, dont la contribution au rayonnement de la science italienne a \u00e9t\u00e9 salu\u00e9e par les intervenants.<\/p>\n<p><strong>Christine Finda Kamano\u00a0<\/strong><\/p>\n<p>L\u2019article <a href=\"https:\/\/mediaguinee.com\/2026\/04\/guinee-italie-une-conference-rend-hommage-a-guglielmo-marconi-pionnier-de-la-radio-mondiale\/\">Guin\u00e9e-Italie : une conf\u00e9rence rend hommage \u00e0 Guglielmo Marconi, pionnier de la radio mondiale<\/a> est apparu en premier sur <a href=\"https:\/\/mediaguinee.com\/\">Mediaguinee.com<\/a>.<\/p>\n<\/div>\n","protected":false},"excerpt":{"rendered":"<p>La figure de Guglielmo Marconi, inventeur de la premi\u00e8re radio au monde, \u00e9tait au centre d\u2019une conf\u00e9rence de presse tenue samedi 25 avril \u00e0 Conakry par la Fondation Aboubacar Camara pour la Science. Face aux m\u00e9dias, le pr\u00e9sident de la fondation, Aboubacar Camara, journaliste et chroniqueur scientifique de longue date, en compagnie de l\u2019ambassadeur d\u2019Italie &hellip;<\/p>\n","protected":false},"author":1,"featured_media":0,"comment_status":"closed","ping_status":"closed","sticky":false,"template":"","format":"standard","meta":{"footnotes":""},"categories":[2],"tags":[23],"_links":{"self":[{"href":"https:\/\/sn.ambaguinee.org\/index.php?rest_route=\/wp\/v2\/posts\/101863"}],"collection":[{"href":"https:\/\/sn.ambaguinee.org\/index.php?rest_route=\/wp\/v2\/posts"}],"about":[{"href":"https:\/\/sn.ambaguinee.org\/index.php?rest_route=\/wp\/v2\/types\/post"}],"author":[{"embeddable":true,"href":"https:\/\/sn.ambaguinee.org\/index.php?rest_route=\/wp\/v2\/users\/1"}],"replies":[{"embeddable":true,"href":"https:\/\/sn.ambaguinee.org\/index.php?rest_route=%2Fwp%2Fv2%2Fcomments&post=101863"}],"version-history":[{"count":0,"href":"https:\/\/sn.ambaguinee.org\/index.php?rest_route=\/wp\/v2\/posts\/101863\/revisions"}],"wp:attachment":[{"href":"https:\/\/sn.ambaguinee.org\/index.php?rest_route=%2Fwp%2Fv2%2Fmedia&parent=101863"}],"wp:term":[{"taxonomy":"category","embeddable":true,"href":"https:\/\/sn.ambaguinee.org\/index.php?rest_route=%2Fwp%2Fv2%2Fcategories&post=101863"},{"taxonomy":"post_tag","embeddable":true,"href":"https:\/\/sn.ambaguinee.org\/index.php?rest_route=%2Fwp%2Fv2%2Ftags&post=101863"}],"curies":[{"name":"wp","href":"https:\/\/api.w.org\/{rel}","templated":true}]}}