{"id":101869,"date":"2026-04-26T23:04:30","date_gmt":"2026-04-26T21:04:30","guid":{"rendered":"https:\/\/sn.ambaguinee.org\/?p=101869"},"modified":"2026-04-26T23:04:30","modified_gmt":"2026-04-26T21:04:30","slug":"attaques-terroristes-au-mali-la-cedeao-condamne-avec-fermete-et-appelle-a-une-riposte-collective","status":"publish","type":"post","link":"https:\/\/sn.ambaguinee.org\/?p=101869","title":{"rendered":"Attaques terroristes au Mali : la CEDEAO condamne avec fermet\u00e9 et appelle \u00e0 une riposte collective"},"content":{"rendered":"<div>\n<div style=\"margin-bottom:20px;\"><img width=\"1500\" height=\"1000\"src=\"https:\/\/i0.wp.com\/www.guinee7.com\/wp-content\/uploads\/2026\/04\/FB_IMG_1777211326568.jpg?w=1500&amp;ssl=1\" class=\"attachment-post-thumbnail size-post-thumbnail wp-post-image\" alt=\"\" decoding=\"async\" loading=\"lazy\" srcset=\"https:\/\/i0.wp.com\/www.guinee7.com\/wp-content\/uploads\/2026\/04\/FB_IMG_1777211326568.jpg?w=1500&amp;ssl=1 1500w, https:\/\/i0.wp.com\/www.guinee7.com\/wp-content\/uploads\/2026\/04\/FB_IMG_1777211326568.jpg?resize=300%2C200&amp;ssl=1 300w, https:\/\/i0.wp.com\/www.guinee7.com\/wp-content\/uploads\/2026\/04\/FB_IMG_1777211326568.jpg?resize=1024%2C683&amp;ssl=1 1024w, https:\/\/i0.wp.com\/www.guinee7.com\/wp-content\/uploads\/2026\/04\/FB_IMG_1777211326568.jpg?resize=768%2C512&amp;ssl=1 768w\" sizes=\"auto, (max-width: 1500px) 100vw, 1500px\"><\/div>\n<p>La Communaut\u00e9 \u00e9conomique des \u00c9tats de l\u2019Afrique de l\u2019Ouest (CEDEAO) a vivement r\u00e9agi aux attaques terroristes survenues le samedi 25 avril 2026 dans plusieurs localit\u00e9s du Mali. Dans un communiqu\u00e9 officiel, l\u2019organisation sous-r\u00e9gionale d\u00e9nonce des actes \u201codieux\u201d et appelle \u00e0 une mobilisation g\u00e9n\u00e9rale pour contrer la menace.<\/p>\n<p>Dans sa d\u00e9claration rendue publique ce 26 avril 2026 depuis Abuja, la CEDEAO condamne sans \u00e9quivoque les violences perp\u00e9tr\u00e9es sur le territoire malien. Ces attaques, souligne l\u2019institution, illustrent une fois de plus la brutalit\u00e9 persistante des groupes arm\u00e9s terroristes dans la sous-r\u00e9gion : \u00ab ces actes odieux d\u00e9montrent une fois de plus la nature barbare des auteurs, qui continuent de menacer la paix, la s\u00e9curit\u00e9 et la stabilit\u00e9 dans l\u2019ensemble de la sous-r\u00e9gion de l\u2019Afrique de l\u2019Ouest. \u00bb<\/p>\n<p>Face \u00e0 cette situation pr\u00e9occupante, l\u2019organisation r\u00e9gionale lance un appel pressant \u00e0 l\u2019unit\u00e9. Elle exhorte les \u00c9tats membres, les forces de d\u00e9fense et de s\u00e9curit\u00e9, ainsi que les m\u00e9canismes r\u00e9gionaux \u00e0 renforcer leur coop\u00e9ration afin de faire face efficacement \u00e0 ce fl\u00e9au : \u00ab la CEDEAO appelle tous les \u00c9tats, les forces de s\u00e9curit\u00e9, les m\u00e9canismes r\u00e9gionaux et les populations de l\u2019Afrique de l\u2019Ouest \u00e0 s\u2019unir et \u00e0 se mobiliser dans un effort coordonn\u00e9 pour lutter contre ce fl\u00e9au. \u00bb<\/p>\n<p>Dans ce contexte de deuil, la CEDEAO a \u00e9galement exprim\u00e9 sa compassion envers les victimes et leurs proches, tout en r\u00e9affirmant son soutien aux autorit\u00e9s maliennes : \u00ab la CEDEAO pr\u00e9sente ses sinc\u00e8res condol\u00e9ances aux familles des victimes et exprime sa pleine solidarit\u00e9 avec le peuple et les autorit\u00e9s de la R\u00e9publique du Mali. \u00bb<\/p>\n<p><img data-recalc-dims=\"1\" loading=\"lazy\" decoding=\"async\" class=\"aligncenter size-full wp-image-128936\"src=\"https:\/\/i0.wp.com\/www.guinee7.com\/wp-content\/uploads\/2026\/04\/FB_IMG_1777211322151.jpg?w=1240&amp;ssl=1\" alt=\"\" width=\"1170\" height=\"1655\" srcset=\"https:\/\/i0.wp.com\/www.guinee7.com\/wp-content\/uploads\/2026\/04\/FB_IMG_1777211322151.jpg?w=1240&amp;ssl=1 1240w, https:\/\/i0.wp.com\/www.guinee7.com\/wp-content\/uploads\/2026\/04\/FB_IMG_1777211322151.jpg?resize=212%2C300&amp;ssl=1 212w, https:\/\/i0.wp.com\/www.guinee7.com\/wp-content\/uploads\/2026\/04\/FB_IMG_1777211322151.jpg?resize=724%2C1024&amp;ssl=1 724w, https:\/\/i0.wp.com\/www.guinee7.com\/wp-content\/uploads\/2026\/04\/FB_IMG_1777211322151.jpg?resize=768%2C1086&amp;ssl=1 768w, https:\/\/i0.wp.com\/www.guinee7.com\/wp-content\/uploads\/2026\/04\/FB_IMG_1777211322151.jpg?resize=1086%2C1536&amp;ssl=1 1086w\" sizes=\"auto, (max-width: 1170px) 100vw, 1170px\"><\/p>\n<p><strong>Abdoul Lory Sylla pour guinee7.com\u00a0<\/strong><\/p>\n<p>L\u2019article <a href=\"https:\/\/www.guinee7.com\/2026\/04\/26\/attaques-terroristes-au-mali-la-cedeao-condamne-avec-fermete-et-appelle-a-une-riposte-collective\/\">Attaques terroristes au Mali : la CEDEAO condamne avec fermet\u00e9 et appelle \u00e0 une riposte collective<\/a> est apparu en premier sur <a href=\"https:\/\/www.guinee7.com\/\">Guinee7.com<\/a>.<\/p>\n<\/div>\n","protected":false},"excerpt":{"rendered":"<p>La Communaut\u00e9 \u00e9conomique des \u00c9tats de l\u2019Afrique de l\u2019Ouest (CEDEAO) a vivement r\u00e9agi aux attaques terroristes survenues le samedi 25 avril 2026 dans plusieurs localit\u00e9s du Mali. Dans un communiqu\u00e9 officiel, l\u2019organisation sous-r\u00e9gionale d\u00e9nonce des actes \u201codieux\u201d et appelle \u00e0 une mobilisation g\u00e9n\u00e9rale pour contrer la menace. Dans sa d\u00e9claration rendue publique ce 26 avril &hellip;<\/p>\n","protected":false},"author":1,"featured_media":0,"comment_status":"closed","ping_status":"closed","sticky":false,"template":"","format":"standard","meta":{"footnotes":""},"categories":[2],"tags":[22],"_links":{"self":[{"href":"https:\/\/sn.ambaguinee.org\/index.php?rest_route=\/wp\/v2\/posts\/101869"}],"collection":[{"href":"https:\/\/sn.ambaguinee.org\/index.php?rest_route=\/wp\/v2\/posts"}],"about":[{"href":"https:\/\/sn.ambaguinee.org\/index.php?rest_route=\/wp\/v2\/types\/post"}],"author":[{"embeddable":true,"href":"https:\/\/sn.ambaguinee.org\/index.php?rest_route=\/wp\/v2\/users\/1"}],"replies":[{"embeddable":true,"href":"https:\/\/sn.ambaguinee.org\/index.php?rest_route=%2Fwp%2Fv2%2Fcomments&post=101869"}],"version-history":[{"count":0,"href":"https:\/\/sn.ambaguinee.org\/index.php?rest_route=\/wp\/v2\/posts\/101869\/revisions"}],"wp:attachment":[{"href":"https:\/\/sn.ambaguinee.org\/index.php?rest_route=%2Fwp%2Fv2%2Fmedia&parent=101869"}],"wp:term":[{"taxonomy":"category","embeddable":true,"href":"https:\/\/sn.ambaguinee.org\/index.php?rest_route=%2Fwp%2Fv2%2Fcategories&post=101869"},{"taxonomy":"post_tag","embeddable":true,"href":"https:\/\/sn.ambaguinee.org\/index.php?rest_route=%2Fwp%2Fv2%2Ftags&post=101869"}],"curies":[{"name":"wp","href":"https:\/\/api.w.org\/{rel}","templated":true}]}}