{"id":101993,"date":"2026-04-27T23:04:23","date_gmt":"2026-04-27T21:04:23","guid":{"rendered":"https:\/\/sn.ambaguinee.org\/?p=101993"},"modified":"2026-04-27T23:04:23","modified_gmt":"2026-04-27T21:04:23","slug":"attaques-terroristes-du-25-avril-au-mali-le-premier-ministre-accuse-des-sponsors","status":"publish","type":"post","link":"https:\/\/sn.ambaguinee.org\/?p=101993","title":{"rendered":"Attaques terroristes du 25 avril au Mali : Le Premier ministre accuse des \u00ab sponsors \u00bb"},"content":{"rendered":"<div>\n<div style=\"margin-bottom:20px;\"><img width=\"1440\" height=\"960\"src=\"https:\/\/i0.wp.com\/mediaguinee.com\/wp-content\/uploads\/2026\/04\/FB_IMG_1777309785102.jpg?w=1440&amp;ssl=1\" class=\"attachment-post-thumbnail size-post-thumbnail wp-post-image\" alt=\"\" decoding=\"async\" srcset=\"https:\/\/i0.wp.com\/mediaguinee.com\/wp-content\/uploads\/2026\/04\/FB_IMG_1777309785102.jpg?w=1440&amp;ssl=1 1440w, https:\/\/i0.wp.com\/mediaguinee.com\/wp-content\/uploads\/2026\/04\/FB_IMG_1777309785102.jpg?resize=300%2C200&amp;ssl=1 300w, https:\/\/i0.wp.com\/mediaguinee.com\/wp-content\/uploads\/2026\/04\/FB_IMG_1777309785102.jpg?resize=1024%2C683&amp;ssl=1 1024w, https:\/\/i0.wp.com\/mediaguinee.com\/wp-content\/uploads\/2026\/04\/FB_IMG_1777309785102.jpg?resize=768%2C512&amp;ssl=1 768w\" sizes=\"(max-width: 1440px) 100vw, 1440px\" data-attachment-id=\"314239\" data-permalink=\"https:\/\/mediaguinee.com\/2026\/04\/attaques-terroristes-du-25-avril-au-mali-le-premier-ministre-accuse-des-sponsors\/fb_img_1777309785102\/\" data-orig-file=\"https:\/\/i0.wp.com\/mediaguinee.com\/wp-content\/uploads\/2026\/04\/FB_IMG_1777309785102.jpg?fit=1440%2C960&amp;ssl=1\" data-orig-size=\"1440,960\" data-comments-opened=\"1\" data-image-meta='{\"aperture\":\"0\",\"credit\":\"\",\"camera\":\"\",\"caption\":\"\",\"created_timestamp\":\"0\",\"copyright\":\"\",\"focal_length\":\"0\",\"iso\":\"0\",\"shutter_speed\":\"0\",\"title\":\"\",\"orientation\":\"0\"}' data-image-title=\"FB_IMG_1777309785102\" data-image-description=\"\" data-image-caption=\"\" data-large-file=\"https:\/\/i0.wp.com\/mediaguinee.com\/wp-content\/uploads\/2026\/04\/FB_IMG_1777309785102.jpg?fit=1024%2C683&amp;ssl=1\"><\/div>\n<p><!--StartFragment--><\/p>\n<p class=\"MsoNormal\">Au lendemain des attaques terroristes simultan\u00e9es du 25 avril 2026 ayant frapp\u00e9 plusieurs localit\u00e9s du Mali, le Premier Ministre le G\u00e9n\u00e9ral Abdoulaye Ma\u00efga s\u2019est adress\u00e9 \u00e0 la Nation, \u00e0 son retour du Burkina Faso, dans un contexte de deuil national d\u00e9cr\u00e9t\u00e9 par le Pr\u00e9sident de la Transition le G\u00e9n\u00e9ral Assimi Go\u00efta.<\/p>\n<p class=\"MsoNormal\">Dans une allocution empreinte d\u2019\u00e9motion et de fermet\u00e9, le chef du gouvernement a d\u2019abord rendu hommage aux victimes, notamment au G\u00e9n\u00e9ral Sadio Camara, saluant la m\u00e9moire \u00ab d\u2019un illustre disparu \u00bb ainsi que celle des civils et militaires tomb\u00e9s lors de ces attaques. Il a \u00e9galement exprim\u00e9 ses v\u0153ux de prompt r\u00e9tablissement aux bless\u00e9s.<\/p>\n<p class=\"MsoNormal\"><b>Des attaques coordonn\u00e9es aux objectifs strat\u00e9giques<\/b><\/p>\n<p class=\"MsoNormal\">Le Premier ministre a d\u00e9nonc\u00e9 des attaques \u00ab l\u00e2ches et barbares \u00bb, soulignant leur caract\u00e8re coordonn\u00e9 et l\u2019implication pr\u00e9sum\u00e9e de soutiens ext\u00e9rieurs\u00a0: \u00ab\u00a0<span style=\"font-size: 13.0pt; line-height: 115%;\">Au-del\u00e0, du mode op\u00e9ratoire, il est \u00e9vident que seul l\u2019appui des sponsors a permis ces actes l\u00e2ches et barbares\u00a0\u00bb.<\/span><\/p>\n<p class=\"MsoNormal\">Selon le G\u00e9n\u00e9ral Abdoulaye Ma\u00efga, ces actions visaient trois objectifs\u00a0: \u00ab\u00a0<span style=\"font-size: 13.0pt; line-height: 115%;\">Semer la peur et le doute: nous n\u2019avons pas eu peur, ni dout\u00e9 et nous n\u2019aurons jamais peur\u00a0<\/span>; <span style=\"font-size: 13.0pt; line-height: 115%;\">briser la coh\u00e9sion nationale : plus que jamais nous unis comme\u00a0; la coh\u00e9sion nationale sera renforc\u00e9e\u00a0;<\/span> a<span style=\"font-size: 13.0pt; line-height: 115%;\">ffaiblir notre d\u00e9termination plus que jamais, nous sommes d\u00e9termin\u00e9s.<\/span><br \/><span style=\"font-size: 13.0pt; line-height: 115%;\">Plus que de simples incidents terroristes, le but de l\u2019ennemi \u00e9tait de conqu\u00e9rir le pouvoir, en d\u00e9mantelant les Institutions de la R\u00e9publique et mettant un terme au processus de Transition\u00a0\u00bb<\/span>.<\/p>\n<p class=\"MsoNormal\"><b>Une r\u00e9ponse militaire \u00ab cinglante \u00bb<\/b><\/p>\n<p class=\"MsoNormal\">Le Premier ministre malien a salu\u00e9 la riposte des Forces arm\u00e9es maliennes, qu\u2019il qualifie de \u00ab cinglante \u00bb, \u00e9voquant la neutralisation de centaines de terroristes sur l\u2019ensemble du territoire, sous le commandement du Pr\u00e9sident Assimi Go\u00efta.<\/p>\n<p class=\"MsoNormal\">\u00ab\u00a0<span style=\"font-size: 13.0pt; line-height: 115%;\">La r\u00e9ponse cinglante qui leur \u00e9t\u00e9 inflig\u00e9e est l\u2019\u0153uvre de l\u2019abn\u00e9gation de nos vaillantes forces arm\u00e9es et de s\u00e9curit\u00e9, sous le leadership de Son Excellence, le Pr\u00e9sident de la Transition, Chef supr\u00eame des arm\u00e9es, qui ont r\u00e9ussi \u00e0 neutraliser des centaines de terroristes sur l\u2019ensemble du territoire nationale\u00a0\u00bb.<\/span><\/p>\n<p class=\"MsoNormal\">Tout en reconnaissant la nature asym\u00e9trique de la menace terroriste, il a insist\u00e9 sur la n\u00e9cessit\u00e9 d\u2019adapter en permanence les strat\u00e9gies s\u00e9curitaires et de tirer les le\u00e7ons des \u00e9v\u00e9nements du 25 avril pour renforcer la protection des populations.<\/p>\n<p class=\"MsoNormal\"><b>Appel \u00e0 la r\u00e9silience et \u00e0 l\u2019engagement patriotique<\/b><\/p>\n<p class=\"MsoNormal\">Le Premier ministre a rappel\u00e9 que \u00ab toute \u00e2me go\u00fbtera la mort \u00bb, citant le Coran, avant de saluer l\u2019engagement des soldats qui \u00ab choisissent de d\u00e9fendre leur patrie les armes \u00e0 la main \u00bb.<\/p>\n<p class=\"MsoNormal\">Il a \u00e9galement lanc\u00e9 un appel aux Maliens tent\u00e9s par des \u00ab voies divergentes \u00bb ou influenc\u00e9s par des \u00ab sponsors du terrorisme \u00bb, les invitant \u00e0 revenir \u00ab sur le droit chemin \u00bb et \u00e0 privil\u00e9gier l\u2019int\u00e9r\u00eat national.<\/p>\n<p class=\"MsoNormal\">\u00ab <b>Le combat n\u2019est pas n\u00e9gociable \u00bb<\/b><\/p>\n<p class=\"MsoNormal\">R\u00e9affirmant la d\u00e9termination des autorit\u00e9s de transition, le G\u00e9n\u00e9ral Abdoulaye Ma\u00efga a martel\u00e9 que \u00ab le combat pour la dignit\u00e9 et l\u2019honneur n\u2019est pas n\u00e9gociable \u00bb. Il a assur\u00e9 que la lutte contre le terrorisme se poursuivra \u00ab jusqu\u2019\u00e0 son \u00e9radication totale \u00bb et \u00e0 l\u2019av\u00e8nement du \u00ab Mali Kura \u00bb, symbole d\u2019un \u00c9tat refond\u00e9.<\/p>\n<p class=\"MsoNormal\">Il a appel\u00e9 les Maliens \u00e0 la vigilance, au courage et au d\u00e9vouement, s\u2019appuyant sur les paroles de l\u2019hymne national pour exhorter \u00e0 une mobilisation collective.<\/p>\n<p class=\"MsoNormal\"><b>Sadjo Bah<\/b><\/p>\n<p><!--EndFragment--><\/p>\n<p>L\u2019article <a href=\"https:\/\/mediaguinee.com\/2026\/04\/attaques-terroristes-du-25-avril-au-mali-le-premier-ministre-accuse-des-sponsors\/\">Attaques terroristes du 25 avril au Mali : Le Premier ministre accuse des \u00ab sponsors \u00bb<\/a> est apparu en premier sur <a href=\"https:\/\/mediaguinee.com\/\">Mediaguinee.com<\/a>.<\/p>\n<\/div>\n","protected":false},"excerpt":{"rendered":"<p>Au lendemain des attaques terroristes simultan\u00e9es du 25 avril 2026 ayant frapp\u00e9 plusieurs localit\u00e9s du Mali, le Premier Ministre le G\u00e9n\u00e9ral Abdoulaye Ma\u00efga s\u2019est adress\u00e9 \u00e0 la Nation, \u00e0 son retour du Burkina Faso, dans un contexte de deuil national d\u00e9cr\u00e9t\u00e9 par le Pr\u00e9sident de la Transition le G\u00e9n\u00e9ral Assimi Go\u00efta. Dans une allocution empreinte &hellip;<\/p>\n","protected":false},"author":1,"featured_media":0,"comment_status":"closed","ping_status":"closed","sticky":false,"template":"","format":"standard","meta":{"footnotes":""},"categories":[2],"tags":[23],"_links":{"self":[{"href":"https:\/\/sn.ambaguinee.org\/index.php?rest_route=\/wp\/v2\/posts\/101993"}],"collection":[{"href":"https:\/\/sn.ambaguinee.org\/index.php?rest_route=\/wp\/v2\/posts"}],"about":[{"href":"https:\/\/sn.ambaguinee.org\/index.php?rest_route=\/wp\/v2\/types\/post"}],"author":[{"embeddable":true,"href":"https:\/\/sn.ambaguinee.org\/index.php?rest_route=\/wp\/v2\/users\/1"}],"replies":[{"embeddable":true,"href":"https:\/\/sn.ambaguinee.org\/index.php?rest_route=%2Fwp%2Fv2%2Fcomments&post=101993"}],"version-history":[{"count":0,"href":"https:\/\/sn.ambaguinee.org\/index.php?rest_route=\/wp\/v2\/posts\/101993\/revisions"}],"wp:attachment":[{"href":"https:\/\/sn.ambaguinee.org\/index.php?rest_route=%2Fwp%2Fv2%2Fmedia&parent=101993"}],"wp:term":[{"taxonomy":"category","embeddable":true,"href":"https:\/\/sn.ambaguinee.org\/index.php?rest_route=%2Fwp%2Fv2%2Fcategories&post=101993"},{"taxonomy":"post_tag","embeddable":true,"href":"https:\/\/sn.ambaguinee.org\/index.php?rest_route=%2Fwp%2Fv2%2Ftags&post=101993"}],"curies":[{"name":"wp","href":"https:\/\/api.w.org\/{rel}","templated":true}]}}