{"id":102259,"date":"2026-04-29T23:22:08","date_gmt":"2026-04-29T21:22:08","guid":{"rendered":"https:\/\/sn.ambaguinee.org\/?p=102259"},"modified":"2026-04-29T23:22:08","modified_gmt":"2026-04-29T21:22:08","slug":"crief-reprise-des-debats-dans-les-affaires-des-ex-ministres-remy-lamah-et-oye-guilavogui-dossiers-renvoyes-au-20-mai","status":"publish","type":"post","link":"https:\/\/sn.ambaguinee.org\/?p=102259","title":{"rendered":"CRIEF : reprise des d\u00e9bats dans les affaires des ex-ministres R\u00e9my Lamah et Oy\u00e9 Guilavogui, dossiers renvoy\u00e9s au 20 mai"},"content":{"rendered":"<div>\n<div style=\"margin-bottom:20px;\"><img width=\"1080\" height=\"900\"src=\"https:\/\/i0.wp.com\/mediaguinee.com\/wp-content\/uploads\/2026\/04\/fad914c6-6777-4df4-9029-68795d0f8926.jpeg?w=1080&amp;ssl=1\" class=\"attachment-post-thumbnail size-post-thumbnail wp-post-image\" alt=\"\" decoding=\"async\" srcset=\"https:\/\/i0.wp.com\/mediaguinee.com\/wp-content\/uploads\/2026\/04\/fad914c6-6777-4df4-9029-68795d0f8926.jpeg?w=1080&amp;ssl=1 1080w, https:\/\/i0.wp.com\/mediaguinee.com\/wp-content\/uploads\/2026\/04\/fad914c6-6777-4df4-9029-68795d0f8926.jpeg?resize=300%2C250&amp;ssl=1 300w, https:\/\/i0.wp.com\/mediaguinee.com\/wp-content\/uploads\/2026\/04\/fad914c6-6777-4df4-9029-68795d0f8926.jpeg?resize=1024%2C853&amp;ssl=1 1024w, https:\/\/i0.wp.com\/mediaguinee.com\/wp-content\/uploads\/2026\/04\/fad914c6-6777-4df4-9029-68795d0f8926.jpeg?resize=768%2C640&amp;ssl=1 768w\" sizes=\"(max-width: 1080px) 100vw, 1080px\" data-attachment-id=\"314418\" data-permalink=\"https:\/\/mediaguinee.com\/2026\/04\/crief-reprise-des-debats-dans-les-affaires-des-ex-ministres-remy-lamah-et-oye-guilavogui-dossiers-renvoyes-au-20-mai\/fad914c6-6777-4df4-9029-68795d0f8926\/\" data-orig-file=\"https:\/\/i0.wp.com\/mediaguinee.com\/wp-content\/uploads\/2026\/04\/fad914c6-6777-4df4-9029-68795d0f8926.jpeg?fit=1080%2C900&amp;ssl=1\" data-orig-size=\"1080,900\" data-comments-opened=\"1\" data-image-meta='{\"aperture\":\"0\",\"credit\":\"\",\"camera\":\"\",\"caption\":\"\",\"created_timestamp\":\"1777497097\",\"copyright\":\"\",\"focal_length\":\"0\",\"iso\":\"0\",\"shutter_speed\":\"0\",\"title\":\"\",\"orientation\":\"0\"}' data-image-title=\"Remy LAMAH OY\u00c9\" data-image-description=\"\" data-image-caption=\"\" data-large-file=\"https:\/\/i0.wp.com\/mediaguinee.com\/wp-content\/uploads\/2026\/04\/fad914c6-6777-4df4-9029-68795d0f8926.jpeg?fit=1024%2C853&amp;ssl=1\"><\/div>\n<p>C\u2019est la toute premi\u00e8re \u00e9vocation des dossiers de R\u00e9my Lamah et Oy\u00e9 Guilavogui, respectivement anciens ministres de la Sant\u00e9 et des T\u00e9l\u00e9communications, devant la nouvelle composition de la Chambre de jugement de la Cour de r\u00e9pression des infractions \u00e9conomiques et financi\u00e8res (CRIEF).<\/p>\n<p>Ces deux pr\u00e9venus, qui ont comparu libres ce mercredi 29 avril 2026 devant cette juridiction, sont poursuivis pour des faits pr\u00e9sum\u00e9s de \u00ab d\u00e9tournement de deniers publics, enrichissement illicite et blanchiment de capitaux \u00bb.<\/p>\n<p>Le G\u00e9n\u00e9ral R\u00e9my Lamah, unique pr\u00e9venu pr\u00e9sent \u00e0 la barre, a rejet\u00e9 syst\u00e9matiquement les faits qui lui sont reproch\u00e9s.<\/p>\n<p>Prenant la parole, son avocat a sollicit\u00e9 le renvoi de l\u2019affaire pour un mois, histoire, selon Ma\u00eetre Moussa Diallo, de prendre connaissance du dossier. Un d\u00e9lai jug\u00e9 trop long par le procureur sp\u00e9cial, qui a propos\u00e9 un renvoi de trois semaines.<\/p>\n<p>S\u2019agissant de l\u2019affaire concernant Oy\u00e9 Guilavogui, l\u2019avocat de l\u2019\u00c9tat n\u2019a pas tard\u00e9 \u00e0 affirmer que ce dernier ne compara\u00eetra jamais devant la Cour. Ma\u00eetre Amadou Baba Camara fonde son argument sur les absences r\u00e9p\u00e9t\u00e9es du pr\u00e9venu devant l\u2019ancienne composition. L\u2019avocat informe que, sur d\u00e9cision de justice, l\u2019ancien ministre des T\u00e9l\u00e9communications a b\u00e9n\u00e9fici\u00e9 d\u2019une autorisation de sortie du pays pour aller se faire soigner \u00e0 Tunis, ce qu\u2019il n\u2019aurait pas respect\u00e9.<\/p>\n<p>\u00ab Tant\u00f4t il est en Europe, tant\u00f4t il est en Turquie. Nous savons qu\u2019il ne compara\u00eetra jamais devant votre Cour \u00bb, a-t-il d\u00e9clar\u00e9, avant d\u2019ajouter : \u00ab C\u2019est pourquoi nous demandons \u00e0 la Cour d\u2019ordonner la cl\u00f4ture des d\u00e9bats, ainsi que les plaidoiries et r\u00e9quisitions. \u00bb<\/p>\n<p>De son c\u00f4t\u00e9, le minist\u00e8re public a sollicit\u00e9 un renvoi afin de citer r\u00e9guli\u00e8rement le pr\u00e9venu. Une demande finalement accept\u00e9e par le juge Alpha Camara, qui a d\u00e9cid\u00e9 de renvoyer l\u2019affaire au 20 mai prochain pour la citation du pr\u00e9venu et \u00e9ventuellement pour les plaidoiries et r\u00e9quisitions.<\/p>\n<p>La m\u00eame date de renvoi a \u00e9t\u00e9 accord\u00e9e \u00e0 l\u2019affaire impliquant le G\u00e9n\u00e9ral R\u00e9my Lamah. Affaire \u00e0 suivre.<\/p>\n<p><strong>L\u00e9b\u00ear\u00e9 Bald\u00e9<\/strong><\/p>\n<p>L\u2019article <a href=\"https:\/\/mediaguinee.com\/2026\/04\/crief-reprise-des-debats-dans-les-affaires-des-ex-ministres-remy-lamah-et-oye-guilavogui-dossiers-renvoyes-au-20-mai\/\">CRIEF : reprise des d\u00e9bats dans les affaires des ex-ministres R\u00e9my Lamah et Oy\u00e9 Guilavogui, dossiers renvoy\u00e9s au 20 mai<\/a> est apparu en premier sur <a href=\"https:\/\/mediaguinee.com\/\">Mediaguinee.com<\/a>.<\/p>\n<\/div>\n","protected":false},"excerpt":{"rendered":"<p>C\u2019est la toute premi\u00e8re \u00e9vocation des dossiers de R\u00e9my Lamah et Oy\u00e9 Guilavogui, respectivement anciens ministres de la Sant\u00e9 et des T\u00e9l\u00e9communications, devant la nouvelle composition de la Chambre de jugement de la Cour de r\u00e9pression des infractions \u00e9conomiques et financi\u00e8res (CRIEF). Ces deux pr\u00e9venus, qui ont comparu libres ce mercredi 29 avril 2026 devant &hellip;<\/p>\n","protected":false},"author":1,"featured_media":0,"comment_status":"closed","ping_status":"closed","sticky":false,"template":"","format":"standard","meta":{"footnotes":""},"categories":[2],"tags":[23],"_links":{"self":[{"href":"https:\/\/sn.ambaguinee.org\/index.php?rest_route=\/wp\/v2\/posts\/102259"}],"collection":[{"href":"https:\/\/sn.ambaguinee.org\/index.php?rest_route=\/wp\/v2\/posts"}],"about":[{"href":"https:\/\/sn.ambaguinee.org\/index.php?rest_route=\/wp\/v2\/types\/post"}],"author":[{"embeddable":true,"href":"https:\/\/sn.ambaguinee.org\/index.php?rest_route=\/wp\/v2\/users\/1"}],"replies":[{"embeddable":true,"href":"https:\/\/sn.ambaguinee.org\/index.php?rest_route=%2Fwp%2Fv2%2Fcomments&post=102259"}],"version-history":[{"count":0,"href":"https:\/\/sn.ambaguinee.org\/index.php?rest_route=\/wp\/v2\/posts\/102259\/revisions"}],"wp:attachment":[{"href":"https:\/\/sn.ambaguinee.org\/index.php?rest_route=%2Fwp%2Fv2%2Fmedia&parent=102259"}],"wp:term":[{"taxonomy":"category","embeddable":true,"href":"https:\/\/sn.ambaguinee.org\/index.php?rest_route=%2Fwp%2Fv2%2Fcategories&post=102259"},{"taxonomy":"post_tag","embeddable":true,"href":"https:\/\/sn.ambaguinee.org\/index.php?rest_route=%2Fwp%2Fv2%2Ftags&post=102259"}],"curies":[{"name":"wp","href":"https:\/\/api.w.org\/{rel}","templated":true}]}}