{"id":102395,"date":"2026-04-30T23:02:18","date_gmt":"2026-04-30T21:02:18","guid":{"rendered":"https:\/\/sn.ambaguinee.org\/?p=102395"},"modified":"2026-04-30T23:02:18","modified_gmt":"2026-04-30T21:02:18","slug":"negociations-entre-la-cedeao-et-laes-lansana-kouyate-recu-par-alassane-ouattara-a-abidjan","status":"publish","type":"post","link":"https:\/\/sn.ambaguinee.org\/?p=102395","title":{"rendered":"N\u00e9gociations entre la CEDEAO et l\u2019AES : Lansana Kouyat\u00e9 re\u00e7u par Alassane Ouattara \u00e0 Abidjan"},"content":{"rendered":"<div>\n<div style=\"margin-bottom:20px;\"><img width=\"2048\" height=\"1364\"src=\"https:\/\/i0.wp.com\/mediaguinee.com\/wp-content\/uploads\/2026\/04\/IMG_1575.jpeg?w=2048&amp;ssl=1\" class=\"attachment-post-thumbnail size-post-thumbnail wp-post-image\" alt=\"\" decoding=\"async\" srcset=\"https:\/\/i0.wp.com\/mediaguinee.com\/wp-content\/uploads\/2026\/04\/IMG_1575.jpeg?w=2048&amp;ssl=1 2048w, https:\/\/i0.wp.com\/mediaguinee.com\/wp-content\/uploads\/2026\/04\/IMG_1575.jpeg?resize=300%2C200&amp;ssl=1 300w, https:\/\/i0.wp.com\/mediaguinee.com\/wp-content\/uploads\/2026\/04\/IMG_1575.jpeg?resize=1024%2C682&amp;ssl=1 1024w, https:\/\/i0.wp.com\/mediaguinee.com\/wp-content\/uploads\/2026\/04\/IMG_1575.jpeg?resize=768%2C512&amp;ssl=1 768w, https:\/\/i0.wp.com\/mediaguinee.com\/wp-content\/uploads\/2026\/04\/IMG_1575.jpeg?resize=1536%2C1023&amp;ssl=1 1536w\" sizes=\"(max-width: 2048px) 100vw, 2048px\" data-attachment-id=\"314524\" data-permalink=\"https:\/\/mediaguinee.com\/2026\/04\/negociations-entre-la-cedeao-et-laes-lansana-kouyate-recu-par-alassane-ouattara-a-abidjan\/img_1575\/\" data-orig-file=\"https:\/\/i0.wp.com\/mediaguinee.com\/wp-content\/uploads\/2026\/04\/IMG_1575.jpeg?fit=2048%2C1364&amp;ssl=1\" data-orig-size=\"2048,1364\" data-comments-opened=\"1\" data-image-meta='{\"aperture\":\"0\",\"credit\":\"\",\"camera\":\"\",\"caption\":\"\",\"created_timestamp\":\"0\",\"copyright\":\"\",\"focal_length\":\"0\",\"iso\":\"0\",\"shutter_speed\":\"0\",\"title\":\"\",\"orientation\":\"1\"}' data-image-title=\"IMG_1575\" data-image-description=\"\" data-image-caption=\"\" data-large-file=\"https:\/\/i0.wp.com\/mediaguinee.com\/wp-content\/uploads\/2026\/04\/IMG_1575.jpeg?fit=1024%2C682&amp;ssl=1\"><\/div>\n<p>L\u2019ancien Premier ministre guin\u00e9en et n\u00e9gociateur en chef entre la CEDEAO (Communaut\u00e9 \u00e9conomique des \u00c9tats de l\u2019Afrique de l\u2019Ouest) et l\u2019AES (Alliance des \u00c9tats du Sahel), Lansana Kouyat\u00e9, a \u00e9t\u00e9 re\u00e7u ce jeudi \u00e0 Abidjan par le pr\u00e9sident ivoirien, Alassane Ouattara.<\/p>\n<p><img data-recalc-dims=\"1\" decoding=\"async\" data-attachment-id=\"314525\" data-permalink=\"https:\/\/mediaguinee.com\/2026\/04\/negociations-entre-la-cedeao-et-laes-lansana-kouyate-recu-par-alassane-ouattara-a-abidjan\/img_1574\/\" data-orig-file=\"https:\/\/i0.wp.com\/mediaguinee.com\/wp-content\/uploads\/2026\/04\/IMG_1574.jpeg?fit=2048%2C1342&amp;ssl=1\" data-orig-size=\"2048,1342\" data-comments-opened=\"1\" data-image-meta='{\"aperture\":\"0\",\"credit\":\"\",\"camera\":\"\",\"caption\":\"\",\"created_timestamp\":\"0\",\"copyright\":\"\",\"focal_length\":\"0\",\"iso\":\"0\",\"shutter_speed\":\"0\",\"title\":\"\",\"orientation\":\"1\"}' data-image-title=\"IMG_1574\" data-image-description=\"\" data-image-caption=\"\" data-large-file=\"https:\/\/i0.wp.com\/mediaguinee.com\/wp-content\/uploads\/2026\/04\/IMG_1574.jpeg?fit=1024%2C671&amp;ssl=1\" class=\"alignnone wp-image-314525 size-full\"src=\"https:\/\/i0.wp.com\/mediaguinee.com\/wp-content\/uploads\/2026\/04\/IMG_1574.jpeg?w=2048&amp;ssl=1\" alt=\"\" width=\"1170\" height=\"767\" srcset=\"https:\/\/i0.wp.com\/mediaguinee.com\/wp-content\/uploads\/2026\/04\/IMG_1574.jpeg?w=2048&amp;ssl=1 2048w, https:\/\/i0.wp.com\/mediaguinee.com\/wp-content\/uploads\/2026\/04\/IMG_1574.jpeg?resize=300%2C197&amp;ssl=1 300w, https:\/\/i0.wp.com\/mediaguinee.com\/wp-content\/uploads\/2026\/04\/IMG_1574.jpeg?resize=1024%2C671&amp;ssl=1 1024w, https:\/\/i0.wp.com\/mediaguinee.com\/wp-content\/uploads\/2026\/04\/IMG_1574.jpeg?resize=768%2C503&amp;ssl=1 768w, https:\/\/i0.wp.com\/mediaguinee.com\/wp-content\/uploads\/2026\/04\/IMG_1574.jpeg?resize=1536%2C1007&amp;ssl=1 1536w\" sizes=\"(max-width: 1170px) 100vw, 1170px\"><\/p>\n<p>Selon la pr\u00e9sidence ivoirienne, M. Kouyat\u00e9 est venu informer officiellement le chef de l\u2019\u00c9tat du lancement de sa mission et solliciter ses conseils avis\u00e9s en vue d\u2019assurer la r\u00e9ussite de sa m\u00e9diation.<\/p>\n<p><img data-recalc-dims=\"1\" decoding=\"async\" data-attachment-id=\"314526\" data-permalink=\"https:\/\/mediaguinee.com\/2026\/04\/negociations-entre-la-cedeao-et-laes-lansana-kouyate-recu-par-alassane-ouattara-a-abidjan\/img_1576-2\/\" data-orig-file=\"https:\/\/i0.wp.com\/mediaguinee.com\/wp-content\/uploads\/2026\/04\/IMG_1576.jpeg?fit=2048%2C1496&amp;ssl=1\" data-orig-size=\"2048,1496\" data-comments-opened=\"1\" data-image-meta='{\"aperture\":\"0\",\"credit\":\"\",\"camera\":\"\",\"caption\":\"\",\"created_timestamp\":\"0\",\"copyright\":\"\",\"focal_length\":\"0\",\"iso\":\"0\",\"shutter_speed\":\"0\",\"title\":\"\",\"orientation\":\"1\"}' data-image-title=\"IMG_1576\" data-image-description=\"\" data-image-caption=\"\" data-large-file=\"https:\/\/i0.wp.com\/mediaguinee.com\/wp-content\/uploads\/2026\/04\/IMG_1576.jpeg?fit=1024%2C748&amp;ssl=1\" class=\"alignnone wp-image-314526 size-full\"src=\"https:\/\/i0.wp.com\/mediaguinee.com\/wp-content\/uploads\/2026\/04\/IMG_1576.jpeg?w=2048&amp;ssl=1\" alt=\"\" width=\"1170\" height=\"855\" srcset=\"https:\/\/i0.wp.com\/mediaguinee.com\/wp-content\/uploads\/2026\/04\/IMG_1576.jpeg?w=2048&amp;ssl=1 2048w, https:\/\/i0.wp.com\/mediaguinee.com\/wp-content\/uploads\/2026\/04\/IMG_1576.jpeg?resize=300%2C219&amp;ssl=1 300w, https:\/\/i0.wp.com\/mediaguinee.com\/wp-content\/uploads\/2026\/04\/IMG_1576.jpeg?resize=1024%2C748&amp;ssl=1 1024w, https:\/\/i0.wp.com\/mediaguinee.com\/wp-content\/uploads\/2026\/04\/IMG_1576.jpeg?resize=768%2C561&amp;ssl=1 768w, https:\/\/i0.wp.com\/mediaguinee.com\/wp-content\/uploads\/2026\/04\/IMG_1576.jpeg?resize=1536%2C1122&amp;ssl=1 1536w, https:\/\/i0.wp.com\/mediaguinee.com\/wp-content\/uploads\/2026\/04\/IMG_1576.jpeg?resize=86%2C64&amp;ssl=1 86w\" sizes=\"(max-width: 1170px) 100vw, 1170px\"><img data-recalc-dims=\"1\" decoding=\"async\" data-attachment-id=\"314527\" data-permalink=\"https:\/\/mediaguinee.com\/2026\/04\/negociations-entre-la-cedeao-et-laes-lansana-kouyate-recu-par-alassane-ouattara-a-abidjan\/img_1577-2\/\" data-orig-file=\"https:\/\/i0.wp.com\/mediaguinee.com\/wp-content\/uploads\/2026\/04\/IMG_1577.jpeg?fit=2048%2C1366&amp;ssl=1\" data-orig-size=\"2048,1366\" data-comments-opened=\"1\" data-image-meta='{\"aperture\":\"0\",\"credit\":\"\",\"camera\":\"\",\"caption\":\"\",\"created_timestamp\":\"0\",\"copyright\":\"\",\"focal_length\":\"0\",\"iso\":\"0\",\"shutter_speed\":\"0\",\"title\":\"\",\"orientation\":\"1\"}' data-image-title=\"IMG_1577\" data-image-description=\"\" data-image-caption=\"\" data-large-file=\"https:\/\/i0.wp.com\/mediaguinee.com\/wp-content\/uploads\/2026\/04\/IMG_1577.jpeg?fit=1024%2C683&amp;ssl=1\" class=\"alignnone wp-image-314527 size-full\"src=\"https:\/\/i0.wp.com\/mediaguinee.com\/wp-content\/uploads\/2026\/04\/IMG_1577.jpeg?w=2048&amp;ssl=1\" alt=\"\" width=\"1170\" height=\"780\" srcset=\"https:\/\/i0.wp.com\/mediaguinee.com\/wp-content\/uploads\/2026\/04\/IMG_1577.jpeg?w=2048&amp;ssl=1 2048w, https:\/\/i0.wp.com\/mediaguinee.com\/wp-content\/uploads\/2026\/04\/IMG_1577.jpeg?resize=300%2C200&amp;ssl=1 300w, https:\/\/i0.wp.com\/mediaguinee.com\/wp-content\/uploads\/2026\/04\/IMG_1577.jpeg?resize=1024%2C683&amp;ssl=1 1024w, https:\/\/i0.wp.com\/mediaguinee.com\/wp-content\/uploads\/2026\/04\/IMG_1577.jpeg?resize=768%2C512&amp;ssl=1 768w, https:\/\/i0.wp.com\/mediaguinee.com\/wp-content\/uploads\/2026\/04\/IMG_1577.jpeg?resize=1536%2C1025&amp;ssl=1 1536w\" sizes=\"(max-width: 1170px) 100vw, 1170px\"><\/p>\n<p><strong>Elisa CAMARA<\/strong><\/p>\n<p>L\u2019article <a href=\"https:\/\/mediaguinee.com\/2026\/04\/negociations-entre-la-cedeao-et-laes-lansana-kouyate-recu-par-alassane-ouattara-a-abidjan\/\">N\u00e9gociations entre la CEDEAO et l\u2019AES : Lansana Kouyat\u00e9 re\u00e7u par Alassane Ouattara \u00e0 Abidjan<\/a> est apparu en premier sur <a href=\"https:\/\/mediaguinee.com\/\">Mediaguinee.com<\/a>.<\/p>\n<\/div>\n","protected":false},"excerpt":{"rendered":"<p>L\u2019ancien Premier ministre guin\u00e9en et n\u00e9gociateur en chef entre la CEDEAO (Communaut\u00e9 \u00e9conomique des \u00c9tats de l\u2019Afrique de l\u2019Ouest) et l\u2019AES (Alliance des \u00c9tats du Sahel), Lansana Kouyat\u00e9, a \u00e9t\u00e9 re\u00e7u ce jeudi \u00e0 Abidjan par le pr\u00e9sident ivoirien, Alassane Ouattara. Selon la pr\u00e9sidence ivoirienne, M. Kouyat\u00e9 est venu informer officiellement le chef de l\u2019\u00c9tat &hellip;<\/p>\n","protected":false},"author":1,"featured_media":0,"comment_status":"closed","ping_status":"closed","sticky":false,"template":"","format":"standard","meta":{"footnotes":""},"categories":[2],"tags":[23],"_links":{"self":[{"href":"https:\/\/sn.ambaguinee.org\/index.php?rest_route=\/wp\/v2\/posts\/102395"}],"collection":[{"href":"https:\/\/sn.ambaguinee.org\/index.php?rest_route=\/wp\/v2\/posts"}],"about":[{"href":"https:\/\/sn.ambaguinee.org\/index.php?rest_route=\/wp\/v2\/types\/post"}],"author":[{"embeddable":true,"href":"https:\/\/sn.ambaguinee.org\/index.php?rest_route=\/wp\/v2\/users\/1"}],"replies":[{"embeddable":true,"href":"https:\/\/sn.ambaguinee.org\/index.php?rest_route=%2Fwp%2Fv2%2Fcomments&post=102395"}],"version-history":[{"count":0,"href":"https:\/\/sn.ambaguinee.org\/index.php?rest_route=\/wp\/v2\/posts\/102395\/revisions"}],"wp:attachment":[{"href":"https:\/\/sn.ambaguinee.org\/index.php?rest_route=%2Fwp%2Fv2%2Fmedia&parent=102395"}],"wp:term":[{"taxonomy":"category","embeddable":true,"href":"https:\/\/sn.ambaguinee.org\/index.php?rest_route=%2Fwp%2Fv2%2Fcategories&post=102395"},{"taxonomy":"post_tag","embeddable":true,"href":"https:\/\/sn.ambaguinee.org\/index.php?rest_route=%2Fwp%2Fv2%2Ftags&post=102395"}],"curies":[{"name":"wp","href":"https:\/\/api.w.org\/{rel}","templated":true}]}}