{"id":102400,"date":"2026-04-30T23:02:20","date_gmt":"2026-04-30T21:02:20","guid":{"rendered":"https:\/\/sn.ambaguinee.org\/?p=102400"},"modified":"2026-04-30T23:02:20","modified_gmt":"2026-04-30T21:02:20","slug":"elections-communales-a-matam-feu-vert-judiciaire-pour-la-liste-portee-par-badra-kone","status":"publish","type":"post","link":"https:\/\/sn.ambaguinee.org\/?p=102400","title":{"rendered":"\u00c9lections communales \u00e0 Matam : feu vert judiciaire pour la liste port\u00e9e par Badra Kon\u00e9"},"content":{"rendered":"<div>\n<div style=\"margin-bottom:20px;\"><img width=\"1000\" height=\"1000\"src=\"https:\/\/i0.wp.com\/www.guinee7.com\/wp-content\/uploads\/2026\/04\/FB_IMG_1771419761904-2.jpg?w=1000&amp;ssl=1\" class=\"attachment-post-thumbnail size-post-thumbnail wp-post-image\" alt=\"\" decoding=\"async\" loading=\"lazy\" srcset=\"https:\/\/i0.wp.com\/www.guinee7.com\/wp-content\/uploads\/2026\/04\/FB_IMG_1771419761904-2.jpg?w=1000&amp;ssl=1 1000w, https:\/\/i0.wp.com\/www.guinee7.com\/wp-content\/uploads\/2026\/04\/FB_IMG_1771419761904-2.jpg?resize=300%2C300&amp;ssl=1 300w, https:\/\/i0.wp.com\/www.guinee7.com\/wp-content\/uploads\/2026\/04\/FB_IMG_1771419761904-2.jpg?resize=150%2C150&amp;ssl=1 150w, https:\/\/i0.wp.com\/www.guinee7.com\/wp-content\/uploads\/2026\/04\/FB_IMG_1771419761904-2.jpg?resize=768%2C768&amp;ssl=1 768w\" sizes=\"auto, (max-width: 1000px) 100vw, 1000px\"><\/div>\n<p>\u00c0 mesure que l\u2019\u00e9ch\u00e9ance des \u00e9lections communales approche, les diff\u00e9rentes candidatures continuent d\u2019\u00eatre examin\u00e9es par les juridictions comp\u00e9tentes. Dans la commune de Matam, une d\u00e9cision r\u00e9cente vient de clarifier la situation d\u2019un acteur politique bien connu.<\/p>\n<p>\u00ab La liste GMD de Matam, conduite par Badra Aliou Cheickna Kon\u00e9, a \u00e9t\u00e9 valid\u00e9e par le Tribunal de Premi\u00e8re Instance de Mafanco. \u00bb<\/p>\n<p>Par cette d\u00e9cision, le Tribunal de Premi\u00e8re Instance de Mafanco donne son aval \u00e0 la participation de la liste GMD \u00e0 la prochaine comp\u00e9tition \u00e9lectorale locale. Une \u00e9tape cl\u00e9 qui permet \u00e0 son leader, ancien responsable de la d\u00e9l\u00e9gation sp\u00e9ciale de Matam, de rester en lice.<\/p>\n<p>Cette validation intervient toutefois dans un contexte marqu\u00e9 par des proc\u00e9dures judiciaires en cours visant Badra Kon\u00e9 devant la Cour de r\u00e9pression des infractions \u00e9conomiques et financi\u00e8res (CRIEF). Une situation qui continue de susciter l\u2019attention, tant sur le plan judiciaire que politique.<\/p>\n<p>En l\u2019\u00e9tat, aucune restriction ne semble entraver sa participation au scrutin \u00e0 venir. Sauf \u00e9volution de derni\u00e8re minute, le candidat et sa liste devraient donc prendre part \u00e0 la bataille \u00e9lectorale dans la commune de Matam, o\u00f9 les enjeux locaux s\u2019annoncent particuli\u00e8rement suivis.<\/p>\n<p><strong>Abdoul Lory Sylla pour guinee7.com\u00a0<\/strong><\/p>\n<p>L\u2019article <a href=\"https:\/\/www.guinee7.com\/2026\/04\/30\/liste-gmd-badra-kone-tpi-de-mafanco-elections-communales\/\">\u00c9lections communales \u00e0 Matam : feu vert judiciaire pour la liste port\u00e9e par Badra Kon\u00e9<\/a> est apparu en premier sur <a href=\"https:\/\/www.guinee7.com\/\">Guinee7.com<\/a>.<\/p>\n<\/div>\n","protected":false},"excerpt":{"rendered":"<p>\u00c0 mesure que l\u2019\u00e9ch\u00e9ance des \u00e9lections communales approche, les diff\u00e9rentes candidatures continuent d\u2019\u00eatre examin\u00e9es par les juridictions comp\u00e9tentes. Dans la commune de Matam, une d\u00e9cision r\u00e9cente vient de clarifier la situation d\u2019un acteur politique bien connu. \u00ab La liste GMD de Matam, conduite par Badra Aliou Cheickna Kon\u00e9, a \u00e9t\u00e9 valid\u00e9e par le Tribunal de &hellip;<\/p>\n","protected":false},"author":1,"featured_media":0,"comment_status":"closed","ping_status":"closed","sticky":false,"template":"","format":"standard","meta":{"footnotes":""},"categories":[2],"tags":[22],"_links":{"self":[{"href":"https:\/\/sn.ambaguinee.org\/index.php?rest_route=\/wp\/v2\/posts\/102400"}],"collection":[{"href":"https:\/\/sn.ambaguinee.org\/index.php?rest_route=\/wp\/v2\/posts"}],"about":[{"href":"https:\/\/sn.ambaguinee.org\/index.php?rest_route=\/wp\/v2\/types\/post"}],"author":[{"embeddable":true,"href":"https:\/\/sn.ambaguinee.org\/index.php?rest_route=\/wp\/v2\/users\/1"}],"replies":[{"embeddable":true,"href":"https:\/\/sn.ambaguinee.org\/index.php?rest_route=%2Fwp%2Fv2%2Fcomments&post=102400"}],"version-history":[{"count":0,"href":"https:\/\/sn.ambaguinee.org\/index.php?rest_route=\/wp\/v2\/posts\/102400\/revisions"}],"wp:attachment":[{"href":"https:\/\/sn.ambaguinee.org\/index.php?rest_route=%2Fwp%2Fv2%2Fmedia&parent=102400"}],"wp:term":[{"taxonomy":"category","embeddable":true,"href":"https:\/\/sn.ambaguinee.org\/index.php?rest_route=%2Fwp%2Fv2%2Fcategories&post=102400"},{"taxonomy":"post_tag","embeddable":true,"href":"https:\/\/sn.ambaguinee.org\/index.php?rest_route=%2Fwp%2Fv2%2Ftags&post=102400"}],"curies":[{"name":"wp","href":"https:\/\/api.w.org\/{rel}","templated":true}]}}