{"id":102527,"date":"2026-05-01T23:07:14","date_gmt":"2026-05-01T21:07:14","guid":{"rendered":"https:\/\/sn.ambaguinee.org\/?p=102527"},"modified":"2026-05-01T23:07:14","modified_gmt":"2026-05-01T21:07:14","slug":"detournement-presume-de-240-milliards-gnf-a-la-mairie-de-matam-trois-autres-personnes-entendues-par-la-crief","status":"publish","type":"post","link":"https:\/\/sn.ambaguinee.org\/?p=102527","title":{"rendered":"D\u00e9tournement pr\u00e9sum\u00e9 de 240 milliards GNF \u00e0 la mairie de Matam : trois autres personnes entendues par la CRIEF"},"content":{"rendered":"<div>\n<div style=\"margin-bottom:20px;\"><img width=\"810\" height=\"450\"src=\"https:\/\/i0.wp.com\/mediaguinee.com\/wp-content\/uploads\/2023\/05\/CRIEF-1.jpg?w=810&amp;ssl=1\" class=\"attachment-post-thumbnail size-post-thumbnail wp-post-image\" alt=\"\" decoding=\"async\" srcset=\"https:\/\/i0.wp.com\/mediaguinee.com\/wp-content\/uploads\/2023\/05\/CRIEF-1.jpg?w=810&amp;ssl=1 810w, https:\/\/i0.wp.com\/mediaguinee.com\/wp-content\/uploads\/2023\/05\/CRIEF-1.jpg?resize=300%2C167&amp;ssl=1 300w, https:\/\/i0.wp.com\/mediaguinee.com\/wp-content\/uploads\/2023\/05\/CRIEF-1.jpg?resize=768%2C427&amp;ssl=1 768w\" sizes=\"(max-width: 810px) 100vw, 810px\" data-attachment-id=\"230058\" data-permalink=\"https:\/\/mediaguinee.com\/crief-2-3\/\" data-orig-file=\"https:\/\/i0.wp.com\/mediaguinee.com\/wp-content\/uploads\/2023\/05\/CRIEF-1.jpg?fit=810%2C450&amp;ssl=1\" data-orig-size=\"810,450\" data-comments-opened=\"1\" data-image-meta='{\"aperture\":\"0\",\"credit\":\"\",\"camera\":\"\",\"caption\":\"\",\"created_timestamp\":\"0\",\"copyright\":\"\",\"focal_length\":\"0\",\"iso\":\"0\",\"shutter_speed\":\"0\",\"title\":\"\",\"orientation\":\"0\"}' data-image-title=\"CRIEF\" data-image-description=\"\" data-image-caption=\"\" data-large-file=\"https:\/\/i0.wp.com\/mediaguinee.com\/wp-content\/uploads\/2023\/05\/CRIEF-1.jpg?fit=810%2C450&amp;ssl=1\"><\/div>\n<p>Namandja Cond\u00e9, Moustapha Cont\u00e9 et Aliou Kaba ont comparu devant la Chambre de jugement de la Cour de r\u00e9pression des infractions \u00e9conomiques et financi\u00e8res (CRIEF), ce jeudi 30 avril 2026. Ils sont poursuivis pour des faits de \u00ab d\u00e9tournement de deniers publics, corruption d\u2019agents publics, faux et usage de faux en \u00e9critures publiques, escroquerie, prise ill\u00e9gale d\u2019int\u00e9r\u00eats, conflit d\u2019int\u00e9r\u00eats, enrichissement illicite, blanchiment de capitaux et complicit\u00e9 \u00bb dans le cadre de l\u2019affaire impliquant Aliou Badra Cheickna Kon\u00e9, ancien pr\u00e9sident de la d\u00e9l\u00e9gation sp\u00e9ciale de Matam.<\/p>\n<p>\u00c0 peine les pr\u00e9venus identifi\u00e9s par la Cour, le procureur sp\u00e9cial a rappel\u00e9 qu\u2019une partie du dossier est d\u00e9j\u00e0 pendante devant la Chambre de l\u2019instruction pour un suppl\u00e9ment d\u2019informations, faisant ainsi r\u00e9f\u00e9rence \u00e0 celui du \u00ab groupe des dix \u00bb, auquel appartient le pr\u00e9venu Badra. Il a, \u00e0 cet effet, sollicit\u00e9 une jonction des proc\u00e9dures.<\/p>\n<p>\u00ab Monsieur le pr\u00e9sident, un pan du dossier est renvoy\u00e9 devant la Chambre de l\u2019instruction pour un suppl\u00e9ment d\u2019information. Il existe une connexit\u00e9 entre les deux proc\u00e9dures, les uns ayant \u00e9t\u00e9 d\u00e9nonc\u00e9s par les autres. C\u2019est pourquoi nous sollicitons la jonction de la proc\u00e9dure \u00bb, a d\u00e9clar\u00e9 Alphonse Charles Wright.<\/p>\n<p>Les avocats de la d\u00e9fense ne se sont pas oppos\u00e9s \u00e0 cette demande. Ils ont, par ailleurs, sollicit\u00e9 la mise en libert\u00e9 provisoire de leurs clients Namandja Cond\u00e9 et Moustapha Cont\u00e9, une requ\u00eate rejet\u00e9e par la Cour, qui a toutefois maintenu la libert\u00e9 accord\u00e9e \u00e0 Aliou Kaba.<\/p>\n<p>S\u2019agissant de la jonction des proc\u00e9dures, la Cour a mis l\u2019affaire en d\u00e9lib\u00e9r\u00e9 pour une d\u00e9cision attendue le lundi 4 mai 2026.<\/p>\n<p><strong>Lebere Bald\u00e9<\/strong><\/p>\n<p>L\u2019article <a href=\"https:\/\/mediaguinee.com\/2026\/05\/detournement-presume-de-240-milliards-gnf-a-la-mairie-de-matam-trois-autres-personnes-entendues-par-la-crief\/\">D\u00e9tournement pr\u00e9sum\u00e9 de 240 milliards GNF \u00e0 la mairie de Matam : trois autres personnes entendues par la CRIEF<\/a> est apparu en premier sur <a href=\"https:\/\/mediaguinee.com\/\">Mediaguinee.com<\/a>.<\/p>\n<\/div>\n","protected":false},"excerpt":{"rendered":"<p>Namandja Cond\u00e9, Moustapha Cont\u00e9 et Aliou Kaba ont comparu devant la Chambre de jugement de la Cour de r\u00e9pression des infractions \u00e9conomiques et financi\u00e8res (CRIEF), ce jeudi 30 avril 2026. Ils sont poursuivis pour des faits de \u00ab d\u00e9tournement de deniers publics, corruption d\u2019agents publics, faux et usage de faux en \u00e9critures publiques, escroquerie, prise &hellip;<\/p>\n","protected":false},"author":1,"featured_media":0,"comment_status":"closed","ping_status":"closed","sticky":false,"template":"","format":"standard","meta":{"footnotes":""},"categories":[2],"tags":[23],"_links":{"self":[{"href":"https:\/\/sn.ambaguinee.org\/index.php?rest_route=\/wp\/v2\/posts\/102527"}],"collection":[{"href":"https:\/\/sn.ambaguinee.org\/index.php?rest_route=\/wp\/v2\/posts"}],"about":[{"href":"https:\/\/sn.ambaguinee.org\/index.php?rest_route=\/wp\/v2\/types\/post"}],"author":[{"embeddable":true,"href":"https:\/\/sn.ambaguinee.org\/index.php?rest_route=\/wp\/v2\/users\/1"}],"replies":[{"embeddable":true,"href":"https:\/\/sn.ambaguinee.org\/index.php?rest_route=%2Fwp%2Fv2%2Fcomments&post=102527"}],"version-history":[{"count":0,"href":"https:\/\/sn.ambaguinee.org\/index.php?rest_route=\/wp\/v2\/posts\/102527\/revisions"}],"wp:attachment":[{"href":"https:\/\/sn.ambaguinee.org\/index.php?rest_route=%2Fwp%2Fv2%2Fmedia&parent=102527"}],"wp:term":[{"taxonomy":"category","embeddable":true,"href":"https:\/\/sn.ambaguinee.org\/index.php?rest_route=%2Fwp%2Fv2%2Fcategories&post=102527"},{"taxonomy":"post_tag","embeddable":true,"href":"https:\/\/sn.ambaguinee.org\/index.php?rest_route=%2Fwp%2Fv2%2Ftags&post=102527"}],"curies":[{"name":"wp","href":"https:\/\/api.w.org\/{rel}","templated":true}]}}