{"id":102530,"date":"2026-05-01T23:07:14","date_gmt":"2026-05-01T21:07:14","guid":{"rendered":"https:\/\/sn.ambaguinee.org\/?p=102530"},"modified":"2026-05-01T23:07:14","modified_gmt":"2026-05-01T21:07:14","slug":"la-guinee-repousse-la-celebration-du-1er-mai-le-report-on-la-fait-mais-malgre-nous-aboubacar-soumah-slecg","status":"publish","type":"post","link":"https:\/\/sn.ambaguinee.org\/?p=102530","title":{"rendered":"La Guin\u00e9e repousse la c\u00e9l\u00e9bration du 1er mai : \u00able report, on l\u2019a fait, mais malgr\u00e9 nous \u00bb (Aboubacar Soumah, SLECG)"},"content":{"rendered":"<div>\n<div style=\"margin-bottom:20px;\"><img width=\"1872\" height=\"1152\"src=\"https:\/\/i0.wp.com\/mediaguinee.com\/wp-content\/uploads\/2026\/04\/61cb13a81d5cd540245b42dbee9d1f5d.jpeg?w=1872&amp;ssl=1\" class=\"attachment-post-thumbnail size-post-thumbnail wp-post-image\" alt=\"\" decoding=\"async\" srcset=\"https:\/\/i0.wp.com\/mediaguinee.com\/wp-content\/uploads\/2026\/04\/61cb13a81d5cd540245b42dbee9d1f5d.jpeg?w=1872&amp;ssl=1 1872w, https:\/\/i0.wp.com\/mediaguinee.com\/wp-content\/uploads\/2026\/04\/61cb13a81d5cd540245b42dbee9d1f5d.jpeg?resize=300%2C185&amp;ssl=1 300w, https:\/\/i0.wp.com\/mediaguinee.com\/wp-content\/uploads\/2026\/04\/61cb13a81d5cd540245b42dbee9d1f5d.jpeg?resize=1024%2C630&amp;ssl=1 1024w, https:\/\/i0.wp.com\/mediaguinee.com\/wp-content\/uploads\/2026\/04\/61cb13a81d5cd540245b42dbee9d1f5d.jpeg?resize=768%2C473&amp;ssl=1 768w, https:\/\/i0.wp.com\/mediaguinee.com\/wp-content\/uploads\/2026\/04\/61cb13a81d5cd540245b42dbee9d1f5d.jpeg?resize=1536%2C945&amp;ssl=1 1536w\" sizes=\"(max-width: 1872px) 100vw, 1872px\" data-attachment-id=\"312643\" data-permalink=\"https:\/\/mediaguinee.com\/2026\/04\/interview-aboubacar-soumah-personne-ne-peut-nous-entrainer-dans-une-greve-tant-que-les-negociations-se-poursuivent-et-que-nous-esperons-obtenir-satisfaction\/61cb13a81d5cd540245b42dbee9d1f5d\/\" data-orig-file=\"https:\/\/i0.wp.com\/mediaguinee.com\/wp-content\/uploads\/2026\/04\/61cb13a81d5cd540245b42dbee9d1f5d.jpeg?fit=1872%2C1152&amp;ssl=1\" data-orig-size=\"1872,1152\" data-comments-opened=\"1\" data-image-meta='{\"aperture\":\"0\",\"credit\":\"\",\"camera\":\"\",\"caption\":\"\",\"created_timestamp\":\"0\",\"copyright\":\"\",\"focal_length\":\"0\",\"iso\":\"0\",\"shutter_speed\":\"0\",\"title\":\"\",\"orientation\":\"1\"}' data-image-title=\"Aboubacar Soumah\" data-image-description=\"\" data-image-caption=\"\" data-large-file=\"https:\/\/i0.wp.com\/mediaguinee.com\/wp-content\/uploads\/2026\/04\/61cb13a81d5cd540245b42dbee9d1f5d.jpeg?fit=1024%2C630&amp;ssl=1\"><\/div>\n<p>C\u00e9l\u00e9br\u00e9e depuis plus d\u2019un si\u00e8cle dans de nombreux pays \u00e0 travers le monde, la F\u00eate internationale du Travail n\u2019a pas \u00e9t\u00e9 observ\u00e9e ce 1er mai en R\u00e9publique de Guin\u00e9e. Dans un communiqu\u00e9 rendu public, le minist\u00e8re du Travail et de la Protection sociale a annonc\u00e9 le report des festivit\u00e9s officielles \u00e0 une date ult\u00e9rieure. Selon le d\u00e9partement, cette d\u00e9cision vise \u00e0 permettre au gouvernement et \u00e0 ses partenaires sociaux de s\u2019accorder sur une organisation concert\u00e9e et r\u00e9ussie de l\u2019\u00e9v\u00e9nement.<\/p>\n<p>Interrog\u00e9 ce vendredi 1er mai, le secr\u00e9taire g\u00e9n\u00e9ral du Syndicat libre des enseignants-chercheurs de Guin\u00e9e (SLECG), Aboubacar Soumah, a rappel\u00e9 la port\u00e9e historique de cette journ\u00e9e, marqu\u00e9e notamment par les luttes ayant conduit \u00e0 l\u2019instauration des libert\u00e9s syndicales et \u00e0 la limitation du temps de travail \u00e0 8 heures par jour. Il a, \u00e0 cette occasion, interpell\u00e9 le mouvement syndical en ces termes :<\/p>\n<p>\u00ab Donc c\u2019est une occasion pour toutes les centrales syndicales, de tous les travailleurs, n\u2019est-ce pas, d\u2019exprimer non seulement leur adh\u00e9sion \u00e0 ce combat qu\u2019ont men\u00e9 ces devanciers, mais aussi d\u2019exprimer leurs pr\u00e9occupations aupr\u00e8s de leurs employeurs. Soit le gouvernement qui emploie, soit le public, soit les patronats. Donc c\u2019est une journ\u00e9e pour nous, pour magnifier non seulement les travailleurs, le travail, mais aussi porter quelques revendications aupr\u00e8s de nos employeurs, pour leur exprimer les pr\u00e9occupations qui actuellement assaillent le mouvement syndical ou le travailleur guin\u00e9en. \u00bb<\/p>\n<p>Revenant sur le report de la c\u00e9l\u00e9bration \u00e0 une date ult\u00e9rieure, dans un contexte o\u00f9 l\u2019intersyndicale de l\u2019\u00e9ducation a d\u00e9j\u00e0 formul\u00e9 plusieurs revendications en attente d\u2019examen, le secr\u00e9taire g\u00e9n\u00e9ral adjoint de l\u2019Union syndicale des travailleurs de Guin\u00e9e (USTG) estime en conna\u00eetre les raisons :<\/p>\n<p>\u00ab Oui, vous savez, le report, on l\u2019a fait, mais malgr\u00e9 nous. C\u2019est le gouvernement qui, compte tenu sans doute du clivage au sein du mouvement syndical, parce qu\u2019ils ont constat\u00e9 que d\u2019un c\u00f4t\u00e9 la CNTG c\u00e9l\u00e8bre le 1er mai, de l\u2019autre l\u2019USTG aussi va c\u00e9l\u00e9brer le 1er mai, alors que d\u2019habitude, le mouvement syndical f\u00eatait ensemble. Donc, je crois que c\u2019est au regard de tous ces facteurs-l\u00e0 et de quelques autres raisons aussi qui ont pouss\u00e9 le gouvernement \u00e0 reporter les activit\u00e9s festives pour qu\u2019ici, l\u00e0, il puisse prendre les dispositions qu\u2019il faut. Comme vous le savez, l\u2019USTG s\u2019est retir\u00e9e parce que le mouvement syndical n\u2019\u00e9tait pas caract\u00e9ris\u00e9 par un texte juridique qui r\u00e9glemente son fonctionnement\u2026 \u00bb, a laiss\u00e9 entendre Aboubacar Soumah.<\/p>\n<p>Par ailleurs, le responsable syndical guin\u00e9en a lanc\u00e9 un appel aux enseignants-chercheurs du pays :<\/p>\n<p>\u00ab Nous avons d\u00e9j\u00e0 fait des communiqu\u00e9s, des messages que nous avons adress\u00e9s non seulement \u00e0 l\u2019endroit des enseignantes et enseignants, mais aussi \u00e0 l\u2019endroit de tous les travailleurs, puisque nous, en tant que responsables syndicaux, nous g\u00e9rons non seulement la f\u00e9d\u00e9ration syndicale qui est le SLECG. Nous g\u00e9rons aussi l\u2019USTG qui regroupe beaucoup de f\u00e9d\u00e9rations, beaucoup de syndicats nationaux \u00e0 travers le pays, qui englobe les entreprises, les soci\u00e9t\u00e9s mini\u00e8res et tant d\u2019autres. Donc nous leur avons d\u00e9j\u00e0 adress\u00e9 le message en leur disant de resserrer les rangs et d\u2019accepter ce report, afin que d\u2019autres dispositions puissent \u00eatre prises pour que nous puissions collaborer ensemble et comm\u00e9morer ensemble avec les autres centrales, lorsque les dispositions que nous avons demand\u00e9es soient prises. Parce que sans cela, nous ne sommes pas encore pr\u00eats \u00e0 f\u00eater. \u00bb<\/p>\n<p>Pour finir, Aboubacar Soumah appelle \u00e0 l\u2019union de toutes les centrales syndicales pour mener une lutte commune :<\/p>\n<p>\u00ab J\u2019encourage les travailleurs \u00e0 resserrer les rangs et \u00e0 toujours continuer \u00e0 suivre les instructions de leur centrale, de leur f\u00e9d\u00e9ration, pour que nous puissions ensemble mener le combat pour l\u2019atteinte de nos objectifs, qui sont l\u2019am\u00e9lioration des conditions de vie, non seulement des enseignants, mais aussi de tous les travailleurs. \u00bb<\/p>\n<p>\u00c0 noter que le minist\u00e8re de l\u2019Emploi, du Travail et de la Protection sociale a r\u00e9affirm\u00e9 la volont\u00e9 du gouvernement d\u2019entretenir des relations de partenariat \u00e9troites avec l\u2019ensemble des acteurs du monde du travail en Guin\u00e9e.<\/p>\n<p><strong>Mamadou Yaya BARRY<\/strong><\/p>\n<p>L\u2019article <a href=\"https:\/\/mediaguinee.com\/2026\/05\/la-guinee-repousse-la-celebration-du-1er-mai-le-report-on-la-fait-mais-malgre-nous-aboubacar-soumah-slecg\/\">La Guin\u00e9e repousse la c\u00e9l\u00e9bration du 1er mai : \u00able report, on l\u2019a fait, mais malgr\u00e9 nous \u00bb (Aboubacar Soumah, SLECG)<\/a> est apparu en premier sur <a href=\"https:\/\/mediaguinee.com\/\">Mediaguinee.com<\/a>.<\/p>\n<\/div>\n","protected":false},"excerpt":{"rendered":"<p>C\u00e9l\u00e9br\u00e9e depuis plus d\u2019un si\u00e8cle dans de nombreux pays \u00e0 travers le monde, la F\u00eate internationale du Travail n\u2019a pas \u00e9t\u00e9 observ\u00e9e ce 1er mai en R\u00e9publique de Guin\u00e9e. Dans un communiqu\u00e9 rendu public, le minist\u00e8re du Travail et de la Protection sociale a annonc\u00e9 le report des festivit\u00e9s officielles \u00e0 une date ult\u00e9rieure. Selon &hellip;<\/p>\n","protected":false},"author":1,"featured_media":0,"comment_status":"closed","ping_status":"closed","sticky":false,"template":"","format":"standard","meta":{"footnotes":""},"categories":[2],"tags":[23],"_links":{"self":[{"href":"https:\/\/sn.ambaguinee.org\/index.php?rest_route=\/wp\/v2\/posts\/102530"}],"collection":[{"href":"https:\/\/sn.ambaguinee.org\/index.php?rest_route=\/wp\/v2\/posts"}],"about":[{"href":"https:\/\/sn.ambaguinee.org\/index.php?rest_route=\/wp\/v2\/types\/post"}],"author":[{"embeddable":true,"href":"https:\/\/sn.ambaguinee.org\/index.php?rest_route=\/wp\/v2\/users\/1"}],"replies":[{"embeddable":true,"href":"https:\/\/sn.ambaguinee.org\/index.php?rest_route=%2Fwp%2Fv2%2Fcomments&post=102530"}],"version-history":[{"count":0,"href":"https:\/\/sn.ambaguinee.org\/index.php?rest_route=\/wp\/v2\/posts\/102530\/revisions"}],"wp:attachment":[{"href":"https:\/\/sn.ambaguinee.org\/index.php?rest_route=%2Fwp%2Fv2%2Fmedia&parent=102530"}],"wp:term":[{"taxonomy":"category","embeddable":true,"href":"https:\/\/sn.ambaguinee.org\/index.php?rest_route=%2Fwp%2Fv2%2Fcategories&post=102530"},{"taxonomy":"post_tag","embeddable":true,"href":"https:\/\/sn.ambaguinee.org\/index.php?rest_route=%2Fwp%2Fv2%2Ftags&post=102530"}],"curies":[{"name":"wp","href":"https:\/\/api.w.org\/{rel}","templated":true}]}}