{"id":102531,"date":"2026-05-01T23:07:15","date_gmt":"2026-05-01T21:07:15","guid":{"rendered":"https:\/\/sn.ambaguinee.org\/?p=102531"},"modified":"2026-05-01T23:07:15","modified_gmt":"2026-05-01T21:07:15","slug":"celebration-du-1er-mai-reportee-en-guinee-une-violation-flagrante-de-la-liberte-syndicale-denonce-michel-pepe-balamou-du-sne","status":"publish","type":"post","link":"https:\/\/sn.ambaguinee.org\/?p=102531","title":{"rendered":"C\u00e9l\u00e9bration du 1er mai report\u00e9e en Guin\u00e9e : \u00ab une violation flagrante de la libert\u00e9 syndicale \u00bb, d\u00e9nonce Michel P\u00e9p\u00e9 Balamou du SNE"},"content":{"rendered":"<div>\n<div style=\"margin-bottom:20px;\"><img width=\"2560\" height=\"1920\"src=\"https:\/\/i0.wp.com\/mediaguinee.com\/wp-content\/uploads\/2026\/05\/775f8593be1d76e326ad489302502d0a-scaled.jpeg?w=2560&amp;ssl=1\" class=\"attachment-post-thumbnail size-post-thumbnail wp-post-image\" alt=\"\" decoding=\"async\" srcset=\"https:\/\/i0.wp.com\/mediaguinee.com\/wp-content\/uploads\/2026\/05\/775f8593be1d76e326ad489302502d0a-scaled.jpeg?w=2560&amp;ssl=1 2560w, https:\/\/i0.wp.com\/mediaguinee.com\/wp-content\/uploads\/2026\/05\/775f8593be1d76e326ad489302502d0a-scaled.jpeg?resize=300%2C225&amp;ssl=1 300w, https:\/\/i0.wp.com\/mediaguinee.com\/wp-content\/uploads\/2026\/05\/775f8593be1d76e326ad489302502d0a-scaled.jpeg?resize=1024%2C768&amp;ssl=1 1024w, https:\/\/i0.wp.com\/mediaguinee.com\/wp-content\/uploads\/2026\/05\/775f8593be1d76e326ad489302502d0a-scaled.jpeg?resize=768%2C576&amp;ssl=1 768w, https:\/\/i0.wp.com\/mediaguinee.com\/wp-content\/uploads\/2026\/05\/775f8593be1d76e326ad489302502d0a-scaled.jpeg?resize=1536%2C1152&amp;ssl=1 1536w, https:\/\/i0.wp.com\/mediaguinee.com\/wp-content\/uploads\/2026\/05\/775f8593be1d76e326ad489302502d0a-scaled.jpeg?resize=2048%2C1536&amp;ssl=1 2048w, https:\/\/i0.wp.com\/mediaguinee.com\/wp-content\/uploads\/2026\/05\/775f8593be1d76e326ad489302502d0a-scaled.jpeg?resize=86%2C64&amp;ssl=1 86w, https:\/\/i0.wp.com\/mediaguinee.com\/wp-content\/uploads\/2026\/05\/775f8593be1d76e326ad489302502d0a-scaled.jpeg?w=2340&amp;ssl=1 2340w\" sizes=\"(max-width: 2560px) 100vw, 2560px\" data-attachment-id=\"314601\" data-permalink=\"https:\/\/mediaguinee.com\/2026\/05\/celebration-du-1er-mai-reportee-en-guinee-une-violation-flagrante-de-la-liberte-syndicale-denonce-michel-pepe-balamou-du-sne\/775f8593be1d76e326ad489302502d0a\/\" data-orig-file=\"https:\/\/i0.wp.com\/mediaguinee.com\/wp-content\/uploads\/2026\/05\/775f8593be1d76e326ad489302502d0a-scaled.jpeg?fit=2560%2C1920&amp;ssl=1\" data-orig-size=\"2560,1920\" data-comments-opened=\"1\" data-image-meta='{\"aperture\":\"0\",\"credit\":\"\",\"camera\":\"\",\"caption\":\"\",\"created_timestamp\":\"0\",\"copyright\":\"\",\"focal_length\":\"0\",\"iso\":\"0\",\"shutter_speed\":\"0\",\"title\":\"\",\"orientation\":\"0\"}' data-image-title=\"775f8593be1d76e326ad489302502d0a\" data-image-description=\"\" data-image-caption=\"\" data-large-file=\"https:\/\/i0.wp.com\/mediaguinee.com\/wp-content\/uploads\/2026\/05\/775f8593be1d76e326ad489302502d0a-scaled.jpeg?fit=1024%2C768&amp;ssl=1\"><\/div>\n<p>Le report de la c\u00e9l\u00e9bration du 1er mai en Guin\u00e9e continue de faire r\u00e9agir. Le secr\u00e9taire g\u00e9n\u00e9ral du Syndicat national des enseignants, Michel P\u00e9p\u00e9 Balamou, d\u00e9nonce une ing\u00e9rence de l\u2019\u00c9tat dans les affaires syndicales.<\/p>\n<p>\u00ab Ce report est vraiment une violation flagrante de la Convention 96 sur la libert\u00e9 syndicale et la protection du droit syndical. L\u2019\u00c9tat ne doit pas s\u2019ing\u00e9rer dans les activit\u00e9s des syndicats \u00bb, a-t-il d\u00e9clar\u00e9, indiquant que cette d\u00e9cision a \u00e9t\u00e9 accueillie \u00ab avec beaucoup de pincettes \u00bb, notamment apr\u00e8s la mobilisation de d\u00e9l\u00e9gu\u00e9s venus des 33 pr\u00e9fectures.<\/p>\n<p>Face \u00e0 cette situation, le syndicat a r\u00e9orient\u00e9 ses activit\u00e9s, organisant pour la premi\u00e8re fois un congr\u00e8s du comit\u00e9 des femmes. \u00ab C\u2019est vraiment regrettable. Nous pensons que l\u2019\u00c9tat ne doit plus se m\u00ealer des affaires syndicales \u00e0 l\u2019avenir \u00bb, a-t-il ajout\u00e9.<\/p>\n<p>Profitant de cette prise de parole, Michel P\u00e9p\u00e9 Balamou a mis en avant les pr\u00e9occupations majeures des enseignants guin\u00e9ens.<br \/>\n\u00ab Les pr\u00e9occupations concernent notamment la situation des anciens contractuels, mais aussi des enseignants qui restent sans salaire alors qu\u2019ils sont p\u00e8res et m\u00e8res de famille \u00bb, a-t-il d\u00e9plor\u00e9.<\/p>\n<p>Il pointe \u00e9galement :<\/p>\n<ul>\n<li>l\u2019opacit\u00e9 dans le reclassement des enseignants, certains stagnent depuis plus de 25 ans au m\u00eame indice ;<\/li>\n<li>l\u2019absence de primes pour plusieurs cadres du syst\u00e8me \u00e9ducatif ;<\/li>\n<li>la faible revalorisation de la profession enseignante.<\/li>\n<\/ul>\n<p>Selon lui, ces difficult\u00e9s impactent la qualit\u00e9 de l\u2019enseignement :<br \/>\n\u00ab La chert\u00e9 de la vie et la p\u00e9nibilit\u00e9 du m\u00e9tier font que les enseignants n\u2019ont plus les moyens psychologiques pour bien enseigner \u00bb.<\/p>\n<p>Pour am\u00e9liorer les conditions de travail, le syndicaliste appelle \u00e0 des r\u00e9formes structurelles :<br \/>\n\u00ab Il faut \u00e9laborer une v\u00e9ritable politique de la profession enseignante et accorder un statut particulier digne de ce nom aux enseignants \u00bb.<\/p>\n<p>Il propose notamment :<\/p>\n<ul>\n<li>l\u2019acc\u00e8s aux logements sociaux ;<\/li>\n<li>des formations continues ;<\/li>\n<li>un plan de carri\u00e8re structur\u00e9 ;<\/li>\n<li>et un salaire d\u00e9cent permettant de couvrir les besoins essentiels.<\/li>\n<\/ul>\n<p>En conclusion, Michel P\u00e9p\u00e9 Balamou a lanc\u00e9 un appel \u00e0 ses coll\u00e8gues : \u00ab Je leur demande de continuer \u00e0 faire leur travail, car l\u2019accomplissement du devoir engendre le droit. Mais aussi de rester mobilis\u00e9s et soud\u00e9s derri\u00e8re le syndicat \u00bb.<br \/><strong>Mayi CISS\u00c9\u00a0<\/strong><\/p>\n<p>L\u2019article <a href=\"https:\/\/mediaguinee.com\/2026\/05\/celebration-du-1er-mai-reportee-en-guinee-une-violation-flagrante-de-la-liberte-syndicale-denonce-michel-pepe-balamou-du-sne\/\">C\u00e9l\u00e9bration du 1er mai report\u00e9e en Guin\u00e9e : \u00ab une violation flagrante de la libert\u00e9 syndicale \u00bb, d\u00e9nonce Michel P\u00e9p\u00e9 Balamou du SNE<\/a> est apparu en premier sur <a href=\"https:\/\/mediaguinee.com\/\">Mediaguinee.com<\/a>.<\/p>\n<\/div>\n","protected":false},"excerpt":{"rendered":"<p>Le report de la c\u00e9l\u00e9bration du 1er mai en Guin\u00e9e continue de faire r\u00e9agir. Le secr\u00e9taire g\u00e9n\u00e9ral du Syndicat national des enseignants, Michel P\u00e9p\u00e9 Balamou, d\u00e9nonce une ing\u00e9rence de l\u2019\u00c9tat dans les affaires syndicales. \u00ab Ce report est vraiment une violation flagrante de la Convention 96 sur la libert\u00e9 syndicale et la protection du droit &hellip;<\/p>\n","protected":false},"author":1,"featured_media":0,"comment_status":"closed","ping_status":"closed","sticky":false,"template":"","format":"standard","meta":{"footnotes":""},"categories":[2],"tags":[23],"_links":{"self":[{"href":"https:\/\/sn.ambaguinee.org\/index.php?rest_route=\/wp\/v2\/posts\/102531"}],"collection":[{"href":"https:\/\/sn.ambaguinee.org\/index.php?rest_route=\/wp\/v2\/posts"}],"about":[{"href":"https:\/\/sn.ambaguinee.org\/index.php?rest_route=\/wp\/v2\/types\/post"}],"author":[{"embeddable":true,"href":"https:\/\/sn.ambaguinee.org\/index.php?rest_route=\/wp\/v2\/users\/1"}],"replies":[{"embeddable":true,"href":"https:\/\/sn.ambaguinee.org\/index.php?rest_route=%2Fwp%2Fv2%2Fcomments&post=102531"}],"version-history":[{"count":0,"href":"https:\/\/sn.ambaguinee.org\/index.php?rest_route=\/wp\/v2\/posts\/102531\/revisions"}],"wp:attachment":[{"href":"https:\/\/sn.ambaguinee.org\/index.php?rest_route=%2Fwp%2Fv2%2Fmedia&parent=102531"}],"wp:term":[{"taxonomy":"category","embeddable":true,"href":"https:\/\/sn.ambaguinee.org\/index.php?rest_route=%2Fwp%2Fv2%2Fcategories&post=102531"},{"taxonomy":"post_tag","embeddable":true,"href":"https:\/\/sn.ambaguinee.org\/index.php?rest_route=%2Fwp%2Fv2%2Ftags&post=102531"}],"curies":[{"name":"wp","href":"https:\/\/api.w.org\/{rel}","templated":true}]}}