{"id":102533,"date":"2026-05-01T23:07:15","date_gmt":"2026-05-01T21:07:15","guid":{"rendered":"https:\/\/sn.ambaguinee.org\/?p=102533"},"modified":"2026-05-01T23:07:15","modified_gmt":"2026-05-01T21:07:15","slug":"deuil-national-au-mali-la-guinee-depeche-une-mission-officielle","status":"publish","type":"post","link":"https:\/\/sn.ambaguinee.org\/?p=102533","title":{"rendered":"Deuil national au Mali : la Guin\u00e9e d\u00e9p\u00eache une mission officielle"},"content":{"rendered":"<div>\n<div style=\"margin-bottom:20px;\"><img width=\"1080\" height=\"570\"src=\"https:\/\/i0.wp.com\/www.guinee7.com\/wp-content\/uploads\/2026\/05\/Screenshot_20260501_130915_Facebook.jpg?w=1080&amp;ssl=1\" class=\"attachment-post-thumbnail size-post-thumbnail wp-post-image\" alt=\"\" decoding=\"async\" loading=\"lazy\" srcset=\"https:\/\/i0.wp.com\/www.guinee7.com\/wp-content\/uploads\/2026\/05\/Screenshot_20260501_130915_Facebook.jpg?w=1080&amp;ssl=1 1080w, https:\/\/i0.wp.com\/www.guinee7.com\/wp-content\/uploads\/2026\/05\/Screenshot_20260501_130915_Facebook.jpg?resize=300%2C158&amp;ssl=1 300w, https:\/\/i0.wp.com\/www.guinee7.com\/wp-content\/uploads\/2026\/05\/Screenshot_20260501_130915_Facebook.jpg?resize=1024%2C540&amp;ssl=1 1024w, https:\/\/i0.wp.com\/www.guinee7.com\/wp-content\/uploads\/2026\/05\/Screenshot_20260501_130915_Facebook.jpg?resize=768%2C405&amp;ssl=1 768w\" sizes=\"auto, (max-width: 1080px) 100vw, 1080px\"><\/div>\n<p><span style=\"font-size: 20px;\">Une d\u00e9l\u00e9gation guin\u00e9enne<\/span><span style=\"font-size: 20px;\"> a \u00e9t\u00e9 re\u00e7ue le 30 avril 2026 \u00e0 Koulouba par <\/span><span style=\"font-size: 20px;\">l<\/span><span style=\"font-size: 20px;\">e Pr\u00e9sident de la Transition malienne, Assimi Go\u00efta. Conduite par le ministre secr\u00e9taire g\u00e9n\u00e9ral de la pr\u00e9sidence, le g\u00e9n\u00e9ral Amara Camara, la mission \u00e9tait porteuse d\u2019un message de condol\u00e9ances \u00e0 la suite du d\u00e9c\u00e8s du g\u00e9n\u00e9ral d\u2019arm\u00e9e Sadio Camara, survenu le 25 avril \u00e0 Kati.<\/span><\/p>\n<p><span style=\"font-size: 20px;\">Mandat\u00e9e par le pr\u00e9sident guin\u00e9en Mamadi Doumbouya, la d\u00e9l\u00e9gation a transmis le soutien et la compassion du peuple guin\u00e9en au peuple malien. S\u2019exprimant au nom de la mission, le chef de la diplomatie guin\u00e9enne, Morissanda Kouyat\u00e9, a soulign\u00e9 la constance de la solidarit\u00e9 entre les deux pays face aux \u00e9preuves.<\/span><br \/><span style=\"font-size: 20px;\">\u00ab Le peuple de Guin\u00e9e est toujours aux c\u00f4t\u00e9s du peuple malien \u00bb, a-t-il affirm\u00e9, appelant \u00e0 pr\u00e9server et renforcer les liens de fraternit\u00e9 entre Conakry et Bamako.<\/span><\/p>\n<p><span style=\"font-size: 20px;\">Selon la pr\u00e9sidence malienne, le pr\u00e9sident Assimi Go\u00efta a, en retour exprim\u00e9 sa gratitude et charg\u00e9 la d\u00e9l\u00e9gation de transmettre ses remerciements fraternels \u00e0 son homologue guin\u00e9en.<\/span><\/p>\n<p><strong><span style=\"font-size: 20px;\">Focus guinee7.com\u00a0<\/span><\/strong><!--\/data\/user\/0\/com.samsung.android.app.notes\/files\/clipdata\/clipdata_bodytext_260501_131800_913.sdocx--><\/p>\n<p>L\u2019article <a href=\"https:\/\/www.guinee7.com\/2026\/05\/01\/deuil-national-au-mali-la-guinee-depeche-une-mission-officielle\/\">Deuil national au Mali : la Guin\u00e9e d\u00e9p\u00eache une mission officielle<\/a> est apparu en premier sur <a href=\"https:\/\/www.guinee7.com\/\">Guinee7.com<\/a>.<\/p>\n<\/div>\n","protected":false},"excerpt":{"rendered":"<p>Une d\u00e9l\u00e9gation guin\u00e9enne a \u00e9t\u00e9 re\u00e7ue le 30 avril 2026 \u00e0 Koulouba par le Pr\u00e9sident de la Transition malienne, Assimi Go\u00efta. Conduite par le ministre secr\u00e9taire g\u00e9n\u00e9ral de la pr\u00e9sidence, le g\u00e9n\u00e9ral Amara Camara, la mission \u00e9tait porteuse d\u2019un message de condol\u00e9ances \u00e0 la suite du d\u00e9c\u00e8s du g\u00e9n\u00e9ral d\u2019arm\u00e9e Sadio Camara, survenu le 25 &hellip;<\/p>\n","protected":false},"author":1,"featured_media":0,"comment_status":"closed","ping_status":"closed","sticky":false,"template":"","format":"standard","meta":{"footnotes":""},"categories":[2],"tags":[22],"_links":{"self":[{"href":"https:\/\/sn.ambaguinee.org\/index.php?rest_route=\/wp\/v2\/posts\/102533"}],"collection":[{"href":"https:\/\/sn.ambaguinee.org\/index.php?rest_route=\/wp\/v2\/posts"}],"about":[{"href":"https:\/\/sn.ambaguinee.org\/index.php?rest_route=\/wp\/v2\/types\/post"}],"author":[{"embeddable":true,"href":"https:\/\/sn.ambaguinee.org\/index.php?rest_route=\/wp\/v2\/users\/1"}],"replies":[{"embeddable":true,"href":"https:\/\/sn.ambaguinee.org\/index.php?rest_route=%2Fwp%2Fv2%2Fcomments&post=102533"}],"version-history":[{"count":0,"href":"https:\/\/sn.ambaguinee.org\/index.php?rest_route=\/wp\/v2\/posts\/102533\/revisions"}],"wp:attachment":[{"href":"https:\/\/sn.ambaguinee.org\/index.php?rest_route=%2Fwp%2Fv2%2Fmedia&parent=102533"}],"wp:term":[{"taxonomy":"category","embeddable":true,"href":"https:\/\/sn.ambaguinee.org\/index.php?rest_route=%2Fwp%2Fv2%2Fcategories&post=102533"},{"taxonomy":"post_tag","embeddable":true,"href":"https:\/\/sn.ambaguinee.org\/index.php?rest_route=%2Fwp%2Fv2%2Ftags&post=102533"}],"curies":[{"name":"wp","href":"https:\/\/api.w.org\/{rel}","templated":true}]}}