{"id":102534,"date":"2026-05-01T23:07:16","date_gmt":"2026-05-01T21:07:16","guid":{"rendered":"https:\/\/sn.ambaguinee.org\/?p=102534"},"modified":"2026-05-01T23:07:16","modified_gmt":"2026-05-01T21:07:16","slug":"fete-du-travail-lustg-appelle-a-lunite-et-a-des-reformes-en-faveur-des-travailleurs-guineens","status":"publish","type":"post","link":"https:\/\/sn.ambaguinee.org\/?p=102534","title":{"rendered":"F\u00eate du travail : l\u2019USTG appelle \u00e0 l\u2019unit\u00e9 et \u00e0 des r\u00e9formes en faveur des travailleurs guin\u00e9ens"},"content":{"rendered":"<div>\n<div style=\"margin-bottom:20px;\"><img width=\"1000\" height=\"562\"src=\"https:\/\/i0.wp.com\/www.guinee7.com\/wp-content\/uploads\/2026\/05\/Abdoulaye-camara-USTG.jpg?w=1000&amp;ssl=1\" class=\"attachment-post-thumbnail size-post-thumbnail wp-post-image\" alt=\"\" decoding=\"async\" loading=\"lazy\" srcset=\"https:\/\/i0.wp.com\/www.guinee7.com\/wp-content\/uploads\/2026\/05\/Abdoulaye-camara-USTG.jpg?w=1000&amp;ssl=1 1000w, https:\/\/i0.wp.com\/www.guinee7.com\/wp-content\/uploads\/2026\/05\/Abdoulaye-camara-USTG.jpg?resize=300%2C169&amp;ssl=1 300w, https:\/\/i0.wp.com\/www.guinee7.com\/wp-content\/uploads\/2026\/05\/Abdoulaye-camara-USTG.jpg?resize=768%2C432&amp;ssl=1 768w\" sizes=\"auto, (max-width: 1000px) 100vw, 1000px\"><\/div>\n<p>\u00c0 l\u2019occasion de la c\u00e9l\u00e9bration de la F\u00eate internationale du travail, ce 1er mai 2026, le secr\u00e9taire g\u00e9n\u00e9ral de l\u2019Union Syndicale des Travailleurs de Guin\u00e9e, Abdoulaye Camara, a adress\u00e9 un message aux travailleurs guin\u00e9ens. Dans une d\u00e9claration empreinte de gravit\u00e9, de fiert\u00e9 et de d\u00e9termination, le responsable syndical a dress\u00e9 un \u00e9tat des lieux de la situation des travailleurs, tout en appelant \u00e0 l\u2019unit\u00e9 et \u00e0 la mobilisation.<\/p>\n<p>S\u2019adressant directement aux travailleurs, Abdoulaye Camara a ouvert son message en ces termes : \u00ab ch\u00e8res travailleuses, Chers travailleurs, Chers militantes et militants, En ce 1er mai 2026 , journ\u00e9e hautement symbolique consacr\u00e9e \u00e0 la c\u00e9l\u00e9bration de la F\u00eate internationale du travail, je m\u2019adresse \u00e0 chacune et chacun d\u2019entre vous avec gravit\u00e9, fiert\u00e9 et d\u00e9termination. \u00bb<\/p>\n<p>Dans son intervention, il a mis en lumi\u00e8re les difficult\u00e9s persistantes auxquelles font face les travailleurs guin\u00e9ens. \u00ab Gravit\u00e9, parce que les d\u00e9fis auxquels font face les travailleurs guin\u00e9ens demeurent immenses : pr\u00e9carit\u00e9 persistante, insuffisance du pouvoir d\u2019achat, conditions de travail souvent difficiles, et n\u00e9cessit\u00e9 urgente de renforcer la protection sociale \u00bb, a-t-il soulign\u00e9.<\/p>\n<p>Malgr\u00e9 ce tableau pr\u00e9occupant, le secr\u00e9taire g\u00e9n\u00e9ral de l\u2019USTG a salu\u00e9 la r\u00e9silience et l\u2019engagement des travailleurs. \u00ab Fiert\u00e9, parce que malgr\u00e9 ces obstacles, vous continuez, par votre courage et votre engagement, \u00e0 faire avancer notre pays. Vous \u00eates les v\u00e9ritables b\u00e2tisseurs de la nation \u00bb, a-t-il d\u00e9clar\u00e9.<\/p>\n<p>Dans la m\u00eame dynamique, Abdoulaye Camara a r\u00e9affirm\u00e9 la d\u00e9termination de son organisation \u00e0 poursuivre le combat syndical. \u00ab D\u00e9termination, enfin, parce que l\u2019Union Syndicale des Travailleurs de Guin\u00e9e (USTG) reste plus que jamais engag\u00e9e \u00e0 d\u00e9fendre vos droits, \u00e0 porter vos revendications l\u00e9gitimes et \u00e0 lutter sans rel\u00e2che pour l\u2019am\u00e9lioration de vos conditions de vie et de travail \u00bb, a-t-il affirm\u00e9.<\/p>\n<p>\u00c9voquant la port\u00e9e symbolique du 1er mai, il a rappel\u00e9 que cette journ\u00e9e d\u00e9passe le simple cadre comm\u00e9moratif. \u00ab Camarades, Le 1er mai n\u2019est pas une simple comm\u00e9moration. C\u2019est un moment de mobilisation, de r\u00e9flexion et d\u2019engagement renouvel\u00e9. Il nous rappelle que les acquis dont nous b\u00e9n\u00e9ficions aujourd\u2019hui sont le fruit de luttes courageuses, souvent men\u00e9es au prix de grands sacrifices \u00bb, a-t-il indiqu\u00e9.<\/p>\n<p>Insistant sur la n\u00e9cessit\u00e9 de l\u2019unit\u00e9 syndicale, le leader de l\u2019USTG a lanc\u00e9 un appel \u00e0 la solidarit\u00e9. \u00ab C\u2019est pourquoi nous devons rester unis, vigilants et solidaires. L\u2019unit\u00e9 du mouvement syndical est notre plus grande force. Aucune avanc\u00e9e durable ne peut \u00eatre obtenue dans la division \u00bb, a-t-il averti.<\/p>\n<p>Dans ce contexte, il a r\u00e9it\u00e9r\u00e9 la position de son organisation vis-\u00e0-vis du dialogue social. \u00ab \u00c0 cet \u00e9gard, l\u2019USTG r\u00e9affirme son attachement au dialogue social responsable, mais aussi \u00e0 la fermet\u00e9 dans la d\u00e9fense des int\u00e9r\u00eats des travailleurs lorsque cela s\u2019impose \u00bb, a-t-il pr\u00e9cis\u00e9.<br \/>\nS\u2019adressant aux autorit\u00e9s, Abdoulaye Camara a formul\u00e9 plusieurs recommandations visant \u00e0 am\u00e9liorer les conditions de vie et de travail. \u00ab Nous appelons les autorit\u00e9s \u00e0 poursuivre et \u00e0 renforcer les efforts en faveur : \u2013 d\u2019un emploi d\u00e9cent pour tous, \u2013 de salaires justes et \u00e9quitables, \u2013 du respect des droits syndicaux, \u2013 et d\u2019une gouvernance transparente et inclusive \u00bb, a-t-il lanc\u00e9.<\/p>\n<p>Se projetant vers l\u2019avenir, il a insist\u00e9 sur la n\u00e9cessit\u00e9 d\u2019une mobilisation collective. \u00ab Chers camarades, L\u2019avenir du monde du travail d\u00e9pend de notre capacit\u00e9 \u00e0 nous organiser, \u00e0 nous mobiliser et \u00e0 parler d\u2019une seule voix. Ensemble, nous pouvons construire une Guin\u00e9e plus juste, plus solidaire et plus prosp\u00e8re \u00bb, a-t-il soutenu.<\/p>\n<p>Enfin, le secr\u00e9taire g\u00e9n\u00e9ral de l\u2019USTG a rendu hommage aux travailleurs pour leur contribution au d\u00e9veloppement du pays. \u00ab En ce jour de c\u00e9l\u00e9bration, je rends un hommage appuy\u00e9 \u00e0 toutes celles et \u00e0 tous ceux qui, dans l\u2019ombre comme dans la lumi\u00e8re, contribuent chaque jour au d\u00e9veloppement de notre pays \u00bb, a-t-il conclu.<\/p>\n<p><strong>Abdoul Lory Sylla pour guinee7.com\u00a0<\/strong><\/p>\n<p>L\u2019article <a href=\"https:\/\/www.guinee7.com\/2026\/05\/01\/fete-du-travail-lustg-appelle-a-lunite-et-a-des-reformes-en-faveur-des-travailleurs-guineens\/\">F\u00eate du travail : l\u2019USTG appelle \u00e0 l\u2019unit\u00e9 et \u00e0 des r\u00e9formes en faveur des travailleurs guin\u00e9ens<\/a> est apparu en premier sur <a href=\"https:\/\/www.guinee7.com\/\">Guinee7.com<\/a>.<\/p>\n<\/div>\n","protected":false},"excerpt":{"rendered":"<p>\u00c0 l\u2019occasion de la c\u00e9l\u00e9bration de la F\u00eate internationale du travail, ce 1er mai 2026, le secr\u00e9taire g\u00e9n\u00e9ral de l\u2019Union Syndicale des Travailleurs de Guin\u00e9e, Abdoulaye Camara, a adress\u00e9 un message aux travailleurs guin\u00e9ens. Dans une d\u00e9claration empreinte de gravit\u00e9, de fiert\u00e9 et de d\u00e9termination, le responsable syndical a dress\u00e9 un \u00e9tat des lieux de &hellip;<\/p>\n","protected":false},"author":1,"featured_media":0,"comment_status":"closed","ping_status":"closed","sticky":false,"template":"","format":"standard","meta":{"footnotes":""},"categories":[2],"tags":[22],"_links":{"self":[{"href":"https:\/\/sn.ambaguinee.org\/index.php?rest_route=\/wp\/v2\/posts\/102534"}],"collection":[{"href":"https:\/\/sn.ambaguinee.org\/index.php?rest_route=\/wp\/v2\/posts"}],"about":[{"href":"https:\/\/sn.ambaguinee.org\/index.php?rest_route=\/wp\/v2\/types\/post"}],"author":[{"embeddable":true,"href":"https:\/\/sn.ambaguinee.org\/index.php?rest_route=\/wp\/v2\/users\/1"}],"replies":[{"embeddable":true,"href":"https:\/\/sn.ambaguinee.org\/index.php?rest_route=%2Fwp%2Fv2%2Fcomments&post=102534"}],"version-history":[{"count":0,"href":"https:\/\/sn.ambaguinee.org\/index.php?rest_route=\/wp\/v2\/posts\/102534\/revisions"}],"wp:attachment":[{"href":"https:\/\/sn.ambaguinee.org\/index.php?rest_route=%2Fwp%2Fv2%2Fmedia&parent=102534"}],"wp:term":[{"taxonomy":"category","embeddable":true,"href":"https:\/\/sn.ambaguinee.org\/index.php?rest_route=%2Fwp%2Fv2%2Fcategories&post=102534"},{"taxonomy":"post_tag","embeddable":true,"href":"https:\/\/sn.ambaguinee.org\/index.php?rest_route=%2Fwp%2Fv2%2Ftags&post=102534"}],"curies":[{"name":"wp","href":"https:\/\/api.w.org\/{rel}","templated":true}]}}