{"id":102535,"date":"2026-05-01T23:07:16","date_gmt":"2026-05-01T21:07:16","guid":{"rendered":"https:\/\/sn.ambaguinee.org\/?p=102535"},"modified":"2026-05-01T23:07:16","modified_gmt":"2026-05-01T21:07:16","slug":"fete-du-travail-cellou-dalein-diallo-reaffirme-son-soutien-aux-travailleurs-guineens","status":"publish","type":"post","link":"https:\/\/sn.ambaguinee.org\/?p=102535","title":{"rendered":"F\u00eate du travail : Cellou Dalein Diallo r\u00e9affirme son soutien aux travailleurs guin\u00e9ens"},"content":{"rendered":"<div>\n<div style=\"margin-bottom:20px;\"><img width=\"2048\" height=\"1362\"src=\"https:\/\/i0.wp.com\/www.guinee7.com\/wp-content\/uploads\/2026\/05\/FB_IMG_1777651134481.jpg?w=2048&amp;ssl=1\" class=\"attachment-post-thumbnail size-post-thumbnail wp-post-image\" alt=\"\" decoding=\"async\" loading=\"lazy\" srcset=\"https:\/\/i0.wp.com\/www.guinee7.com\/wp-content\/uploads\/2026\/05\/FB_IMG_1777651134481.jpg?w=2048&amp;ssl=1 2048w, https:\/\/i0.wp.com\/www.guinee7.com\/wp-content\/uploads\/2026\/05\/FB_IMG_1777651134481.jpg?resize=300%2C200&amp;ssl=1 300w, https:\/\/i0.wp.com\/www.guinee7.com\/wp-content\/uploads\/2026\/05\/FB_IMG_1777651134481.jpg?resize=1024%2C681&amp;ssl=1 1024w, https:\/\/i0.wp.com\/www.guinee7.com\/wp-content\/uploads\/2026\/05\/FB_IMG_1777651134481.jpg?resize=768%2C511&amp;ssl=1 768w, https:\/\/i0.wp.com\/www.guinee7.com\/wp-content\/uploads\/2026\/05\/FB_IMG_1777651134481.jpg?resize=1536%2C1022&amp;ssl=1 1536w\" sizes=\"auto, (max-width: 2048px) 100vw, 2048px\"><\/div>\n<p>\u00c0 l\u2019occasion de la c\u00e9l\u00e9bration de la F\u00eate internationale du Travail, Cellou Dalein Diallo a adress\u00e9 un message \u00e0 l\u2019endroit des travailleuses et travailleurs, en Guin\u00e9e comme \u00e0 l\u2019\u00e9tranger, saluant leur r\u00f4le essentiel dans le d\u00e9veloppement des soci\u00e9t\u00e9s.<\/p>\n<p>Dans sa d\u00e9claration, l\u2019ancien Premier ministre a tenu \u00e0 \u00ab f\u00e9liciter toutes celles et ceux qui, en Guin\u00e9e comme ailleurs, contribuent, par leur travail quotidien, \u00e0 la cr\u00e9ation de biens et services indispensables au bien-\u00eatre et au progr\u00e8s de nos soci\u00e9t\u00e9s \u00bb. Il a ainsi mis en avant la place centrale du travail dans la construction \u00e9conomique et sociale du pays.<\/p>\n<p>S\u2019adressant \u00e9galement \u00e0 la diaspora guin\u00e9enne, Cellou Dalein Diallo a soulign\u00e9 les qualit\u00e9s reconnues de ses compatriotes \u00e0 l\u2019\u00e9tranger, notamment leur \u00ab r\u00e9silience, leur savoir-faire et leur int\u00e9grit\u00e9 dans le travail \u00bb. Il les a encourag\u00e9s \u00e0 renforcer leur contribution au d\u00e9veloppement national, notamment \u00e0 travers les soutiens aux familles et les investissements, afin de participer \u00e0 la r\u00e9duction de la pauvret\u00e9 en Guin\u00e9e.<\/p>\n<p>Par ailleurs, le leader politique a r\u00e9affirm\u00e9 son \u00ab total soutien \u00e0 la lutte l\u00e9gitime \u00bb men\u00e9e par les travailleurs guin\u00e9ens pour l\u2019am\u00e9lioration de leurs conditions de vie et de travail, dans un contexte socio-\u00e9conomique souvent jug\u00e9 difficile.\u00bb<\/p>\n<p><strong>Abdoul Lory Sylla pour guinee7.com\u00a0<\/strong><\/p>\n<p>L\u2019article <a href=\"https:\/\/www.guinee7.com\/2026\/05\/01\/fete-du-travail-cellou-dalein-diallo-reaffirme-son-soutien-aux-travailleurs-guineens\/\">F\u00eate du travail : Cellou Dalein Diallo r\u00e9affirme son soutien aux travailleurs guin\u00e9ens<\/a> est apparu en premier sur <a href=\"https:\/\/www.guinee7.com\/\">Guinee7.com<\/a>.<\/p>\n<\/div>\n","protected":false},"excerpt":{"rendered":"<p>\u00c0 l\u2019occasion de la c\u00e9l\u00e9bration de la F\u00eate internationale du Travail, Cellou Dalein Diallo a adress\u00e9 un message \u00e0 l\u2019endroit des travailleuses et travailleurs, en Guin\u00e9e comme \u00e0 l\u2019\u00e9tranger, saluant leur r\u00f4le essentiel dans le d\u00e9veloppement des soci\u00e9t\u00e9s. Dans sa d\u00e9claration, l\u2019ancien Premier ministre a tenu \u00e0 \u00ab f\u00e9liciter toutes celles et ceux qui, en &hellip;<\/p>\n","protected":false},"author":1,"featured_media":0,"comment_status":"closed","ping_status":"closed","sticky":false,"template":"","format":"standard","meta":{"footnotes":""},"categories":[2],"tags":[22],"_links":{"self":[{"href":"https:\/\/sn.ambaguinee.org\/index.php?rest_route=\/wp\/v2\/posts\/102535"}],"collection":[{"href":"https:\/\/sn.ambaguinee.org\/index.php?rest_route=\/wp\/v2\/posts"}],"about":[{"href":"https:\/\/sn.ambaguinee.org\/index.php?rest_route=\/wp\/v2\/types\/post"}],"author":[{"embeddable":true,"href":"https:\/\/sn.ambaguinee.org\/index.php?rest_route=\/wp\/v2\/users\/1"}],"replies":[{"embeddable":true,"href":"https:\/\/sn.ambaguinee.org\/index.php?rest_route=%2Fwp%2Fv2%2Fcomments&post=102535"}],"version-history":[{"count":0,"href":"https:\/\/sn.ambaguinee.org\/index.php?rest_route=\/wp\/v2\/posts\/102535\/revisions"}],"wp:attachment":[{"href":"https:\/\/sn.ambaguinee.org\/index.php?rest_route=%2Fwp%2Fv2%2Fmedia&parent=102535"}],"wp:term":[{"taxonomy":"category","embeddable":true,"href":"https:\/\/sn.ambaguinee.org\/index.php?rest_route=%2Fwp%2Fv2%2Fcategories&post=102535"},{"taxonomy":"post_tag","embeddable":true,"href":"https:\/\/sn.ambaguinee.org\/index.php?rest_route=%2Fwp%2Fv2%2Ftags&post=102535"}],"curies":[{"name":"wp","href":"https:\/\/api.w.org\/{rel}","templated":true}]}}