{"id":113345,"date":"2026-08-21T23:02:42","date_gmt":"2026-08-21T21:02:42","guid":{"rendered":"https:\/\/sn.ambaguinee.org\/?p=113345"},"modified":"2026-08-21T23:02:42","modified_gmt":"2026-08-21T21:02:42","slug":"mercato-psg-marquinhos-un-dernier-tour-et-puis-sen-va","status":"publish","type":"post","link":"https:\/\/sn.ambaguinee.org\/?p=113345","title":{"rendered":"Mercato &#8211; PSG : Marquinhos, un dernier tour et puis s\u2019en va ?"},"content":{"rendered":"<div>Apr\u00e8s 13 ans au PSG, Marquinhos a tout vu et tout connu dans la capitale fran\u00e7aise. La saison 2026-2027 serait-elle la derni\u00e8re avant un d\u00e9part pour le capitaine du PSG ?<\/div>\n","protected":false},"excerpt":{"rendered":"<p>Apr\u00e8s 13 ans au PSG, Marquinhos a tout vu et tout connu dans la capitale fran\u00e7aise. La saison 2026-2027 serait-elle la derni\u00e8re avant un d\u00e9part pour le capitaine du PSG ?<\/p>\n","protected":false},"author":1,"featured_media":0,"comment_status":"closed","ping_status":"closed","sticky":false,"template":"","format":"standard","meta":{"footnotes":""},"categories":[4],"tags":[],"_links":{"self":[{"href":"https:\/\/sn.ambaguinee.org\/index.php?rest_route=\/wp\/v2\/posts\/113345"}],"collection":[{"href":"https:\/\/sn.ambaguinee.org\/index.php?rest_route=\/wp\/v2\/posts"}],"about":[{"href":"https:\/\/sn.ambaguinee.org\/index.php?rest_route=\/wp\/v2\/types\/post"}],"author":[{"embeddable":true,"href":"https:\/\/sn.ambaguinee.org\/index.php?rest_route=\/wp\/v2\/users\/1"}],"replies":[{"embeddable":true,"href":"https:\/\/sn.ambaguinee.org\/index.php?rest_route=%2Fwp%2Fv2%2Fcomments&post=113345"}],"version-history":[{"count":0,"href":"https:\/\/sn.ambaguinee.org\/index.php?rest_route=\/wp\/v2\/posts\/113345\/revisions"}],"wp:attachment":[{"href":"https:\/\/sn.ambaguinee.org\/index.php?rest_route=%2Fwp%2Fv2%2Fmedia&parent=113345"}],"wp:term":[{"taxonomy":"category","embeddable":true,"href":"https:\/\/sn.ambaguinee.org\/index.php?rest_route=%2Fwp%2Fv2%2Fcategories&post=113345"},{"taxonomy":"post_tag","embeddable":true,"href":"https:\/\/sn.ambaguinee.org\/index.php?rest_route=%2Fwp%2Fv2%2Ftags&post=113345"}],"curies":[{"name":"wp","href":"https:\/\/api.w.org\/{rel}","templated":true}]}}