{"id":114225,"date":"2026-09-01T23:02:35","date_gmt":"2026-09-01T21:02:35","guid":{"rendered":"https:\/\/sn.ambaguinee.org\/?p=114225"},"modified":"2026-09-01T23:02:35","modified_gmt":"2026-09-01T21:02:35","slug":"deces-de-detenus-a-siguiri-la-conapaid-exige-une-enquete-independante","status":"publish","type":"post","link":"https:\/\/sn.ambaguinee.org\/?p=114225","title":{"rendered":"D\u00e9c\u00e8s de d\u00e9tenus \u00e0 Siguiri : la CONAPAID exige une enqu\u00eate ind\u00e9pendante"},"content":{"rendered":"<div>\n<div style=\"margin-bottom:20px;\"><img width=\"1000\" height=\"563\"src=\"https:\/\/i0.wp.com\/www.guinee7.com\/wp-content\/uploads\/2026\/09\/IMG-20260901-WA0032.jpg?w=1000&amp;ssl=1\" class=\"attachment-post-thumbnail size-post-thumbnail wp-post-image\" alt=\"\" decoding=\"async\" srcset=\"https:\/\/i0.wp.com\/www.guinee7.com\/wp-content\/uploads\/2026\/09\/IMG-20260901-WA0032.jpg?w=1000&amp;ssl=1 1000w, https:\/\/i0.wp.com\/www.guinee7.com\/wp-content\/uploads\/2026\/09\/IMG-20260901-WA0032.jpg?resize=300%2C169&amp;ssl=1 300w, https:\/\/i0.wp.com\/www.guinee7.com\/wp-content\/uploads\/2026\/09\/IMG-20260901-WA0032.jpg?resize=768%2C432&amp;ssl=1 768w\" sizes=\"(max-width: 1000px) 100vw, 1000px\"><\/div>\n<p><span style=\"font-size: 20px;\">Conakry-Le d\u00e9c\u00e8s de certains d\u00e9tenus r\u00e9cemment enregistr\u00e9s \u00e0 la maison d\u2019arr\u00eat de Siguiri continue d\u2019alimenter le d\u00e9bat dans la cit\u00e9. Ce mardi 1er septembre 2026, le pr\u00e9sident de la Coalition nationale des acteurs pour la paix et le d\u00e9veloppement (CONAPAID), Ibrahima Aminata Diallo, a demand\u00e9 l\u2019ouverture d\u2019une enqu\u00eate ind\u00e9pendante afin de faire la lumi\u00e8re sur cette affaire.<\/span><\/p>\n<p><span style=\"font-size: 20px;\">Pour lui, \u00ab les prisonnie<\/span><span style=\"font-size: 20px;\">rs aussi ont des droits. Il ne faut p<\/span><span style=\"font-size: 20px;\">as penser que, parce que vous \u00eates priv\u00e9 de votre libert\u00e9, on doit vous faire n\u2019importe quoi \u00bb.<\/span><\/p>\n<p><span style=\"font-size: 20px;\">Selon lui, ces droits doivent \u00eatre garantis par les procureurs de la R\u00e9publique de chaque juridiction. \u00ab Je pense qu\u2019\u00e0 ce niveau, les procureurs des tribunaux, notamment ceux des diff\u00e9rentes juridictions o\u00f9 <\/span><span style=\"font-size: 20px;\">se trouvent les prisons en Guin\u00e9e, doivent veiller \u00e0 cela. Ils doivent s\u2019assurer que les prisonniers sont bien trait\u00e9s. Et si nous enregistrons des cas de d\u00e9c\u00e8s dans certaines prisons, il faudrait \u00e9galement les \u00e9lucider afin de comprendre les circonstances ayant conduit \u00e0 la mort de ces d\u00e9tenus.<\/span><\/p>\n<p><span style=\"font-size: 20px;\">Parce qu\u2019on n\u2019envoie pas quelqu\u2019un en prison pour que l\u2019int\u00e9ress\u00e9 meure. On envoie quelqu\u2019un en prison pour purger une peine. Et ces sanctions doivent notamment \u00eatre ex\u00e9cut\u00e9es dans la dignit\u00e9, parce que la personne et sa dignit\u00e9 sont sacr\u00e9es. C\u2019est d\u2019ailleurs l\u2019un des principes de la D\u00e9claration universelle des droits de l\u2019homme : la personne et sa dignit\u00e9 sont sacr\u00e9es \u00bb, a-t-il d\u00e9clar\u00e9.<\/span><\/p>\n<p><span style=\"font-size: 20px;\">\u00ab Nous demandons qu\u2019il y ait des enqu\u00eates, qu\u2019elles soient diligent\u00e9es afin que la v\u00e9rit\u00e9 soit \u00e9tablie, que l\u2019on sache comment cela s\u2019est pass\u00e9 et dans quelles conditions ces prisonniers sont morts, afin d\u2019\u00e9viter \u00e9ventuellement que de tels cas se reproduisent dans d\u2019autres prisons.<\/span><\/p>\n<p><span style=\"font-size: 20px;\">Parce que si cela s\u2019est produit \u00e0 Siguiri, comment cela va-t-il se passer \u00e0 Coyah, \u00e0 Mamou, \u00e0 Kankan, etc. ? Donc, l\u2019essentiel est d\u2019ouvrir des enqu\u00eates, de situer les responsabilit\u00e9s et d\u2019informer davantage le peuple de Guin\u00e9e sur les circonstances de la mort de ces prisonniers \u00bb, a insist\u00e9 Ibrahima Aminata Diallo.<\/span><\/p>\n<p><strong><span style=\"font-size: 20px;\">Bhoye Barry pour guinee7.com<\/span><\/strong><!--\/data\/user\/0\/com.samsung.android.app.notes\/files\/clipdata\/clipdata_bodytext_260901_161132_004.sdocx--><\/p>\n<\/div>\n","protected":false},"excerpt":{"rendered":"<p>Conakry-Le d\u00e9c\u00e8s de certains d\u00e9tenus r\u00e9cemment enregistr\u00e9s \u00e0 la maison d\u2019arr\u00eat de Siguiri continue d\u2019alimenter le d\u00e9bat dans la cit\u00e9. Ce mardi 1er septembre 2026, le pr\u00e9sident de la Coalition nationale des acteurs pour la paix et le d\u00e9veloppement (CONAPAID), Ibrahima Aminata Diallo, a demand\u00e9 l\u2019ouverture d\u2019une enqu\u00eate ind\u00e9pendante afin de faire la lumi\u00e8re sur &hellip;<\/p>\n","protected":false},"author":1,"featured_media":0,"comment_status":"closed","ping_status":"closed","sticky":false,"template":"","format":"standard","meta":{"footnotes":""},"categories":[2],"tags":[22],"_links":{"self":[{"href":"https:\/\/sn.ambaguinee.org\/index.php?rest_route=\/wp\/v2\/posts\/114225"}],"collection":[{"href":"https:\/\/sn.ambaguinee.org\/index.php?rest_route=\/wp\/v2\/posts"}],"about":[{"href":"https:\/\/sn.ambaguinee.org\/index.php?rest_route=\/wp\/v2\/types\/post"}],"author":[{"embeddable":true,"href":"https:\/\/sn.ambaguinee.org\/index.php?rest_route=\/wp\/v2\/users\/1"}],"replies":[{"embeddable":true,"href":"https:\/\/sn.ambaguinee.org\/index.php?rest_route=%2Fwp%2Fv2%2Fcomments&post=114225"}],"version-history":[{"count":0,"href":"https:\/\/sn.ambaguinee.org\/index.php?rest_route=\/wp\/v2\/posts\/114225\/revisions"}],"wp:attachment":[{"href":"https:\/\/sn.ambaguinee.org\/index.php?rest_route=%2Fwp%2Fv2%2Fmedia&parent=114225"}],"wp:term":[{"taxonomy":"category","embeddable":true,"href":"https:\/\/sn.ambaguinee.org\/index.php?rest_route=%2Fwp%2Fv2%2Fcategories&post=114225"},{"taxonomy":"post_tag","embeddable":true,"href":"https:\/\/sn.ambaguinee.org\/index.php?rest_route=%2Fwp%2Fv2%2Ftags&post=114225"}],"curies":[{"name":"wp","href":"https:\/\/api.w.org\/{rel}","templated":true}]}}