{"id":114311,"date":"2026-09-02T23:02:38","date_gmt":"2026-09-02T21:02:38","guid":{"rendered":"https:\/\/sn.ambaguinee.org\/?p=114311"},"modified":"2026-09-02T23:02:38","modified_gmt":"2026-09-02T21:02:38","slug":"elim-can-2027-afrique-du-sud-binationaux-liste-et-retour-au-28-septembre-paulo-duarte-se-confie","status":"publish","type":"post","link":"https:\/\/sn.ambaguinee.org\/?p=114311","title":{"rendered":"\u00c9lim CAN 2027 : Afrique du Sud, binationaux, liste et retour au 28 Septembre, Paulo Duarte se confie"},"content":{"rendered":"<div>\n<div style=\"margin-bottom:20px;\"><img width=\"527\" height=\"326\"src=\"https:\/\/i0.wp.com\/www.guinee7.com\/wp-content\/uploads\/2026\/09\/IMG-20260902-WA0005.jpg?w=527&amp;ssl=1\" class=\"attachment-post-thumbnail size-post-thumbnail wp-post-image\" alt=\"\" decoding=\"async\" loading=\"lazy\" srcset=\"https:\/\/i0.wp.com\/www.guinee7.com\/wp-content\/uploads\/2026\/09\/IMG-20260902-WA0005.jpg?w=527&amp;ssl=1 527w, https:\/\/i0.wp.com\/www.guinee7.com\/wp-content\/uploads\/2026\/09\/IMG-20260902-WA0005.jpg?resize=300%2C186&amp;ssl=1 300w\" sizes=\"auto, (max-width: 527px) 100vw, 527px\"><\/div>\n<p><span style=\"font-size: 17px;\">Conakry \u2013 Dans un entretien accord\u00e9 \u00e0 nos confr\u00e8res de Guin\u00e9enews, le s\u00e9lectionneur du Syli national, Paulo Duarte, a abord\u00e9 plusieurs sujets majeurs \u00e0 quelques semaines du d\u00e9but des \u00e9liminatoires de la CAN 2027. Le technicien portugais est revenu sur la pr\u00e9paration du choc face \u00e0 l\u2019Afrique du Sud, la prochaine liste de la Guin\u00e9e, le dossier des binationaux, mais aussi le retour tant attendu du Syli au stade du 28 Septembre devant son public.<\/span><br \/><img data-recalc-dims=\"1\" loading=\"lazy\" decoding=\"async\" class=\"alignnone wp-image-166587 size-full\"src=\"https:\/\/i0.wp.com\/www.guinee7.com\/wp-content\/uploads\/2026\/09\/IMG-20260902-WA0006.jpg?w=475&amp;ssl=1\" alt=\"\" width=\"475\" height=\"286\" srcset=\"https:\/\/i0.wp.com\/www.guinee7.com\/wp-content\/uploads\/2026\/09\/IMG-20260902-WA0006.jpg?w=475&amp;ssl=1 475w, https:\/\/i0.wp.com\/www.guinee7.com\/wp-content\/uploads\/2026\/09\/IMG-20260902-WA0006.jpg?resize=300%2C181&amp;ssl=1 300w\" sizes=\"auto, (max-width: 475px) 100vw, 475px\"><\/p>\n<p><span style=\"font-size: 17px;\">Paulo Duarte ne cache pas l\u2019importance du premier d\u00e9placement en Afrique du Sud. Pour lui, ce match peut d\u00e9j\u00e0 peser lourd dans la course \u00e0 la qualification. \u00ab On pr\u00e9pare ce match avec une ambition \u00e9norme : celle de faire revenir la Guin\u00e9e \u00e0 une comp\u00e9tition qui est la joie du football africain, la CAN. L\u2019Afrique du Sud va avoir un adversaire tr\u00e8s difficile qui s\u2019appelle la R\u00e9publique de Guin\u00e9e. Nous savons aussi que nous trouverons un adversaire difficile chez lui. \u00bb, le technicien reconna\u00eet toutefois que les Bafana Bafana, d\u00e9sormais dirig\u00e9s par Pitso Mosimane, pr\u00e9senteront un nouveau visage.<\/span><\/p>\n<p><span style=\"font-size: 17px;\">Apr\u00e8s plusieurs mois d\u2019observation, Duarte assure que le groupe est d\u00e9sormais beaucoup plus comp\u00e9titif. Il annonce que la liste sera d\u00e9voil\u00e9e quelques jours avant le rassemblement et laisse entendre que de nouveaux joueurs pourraient \u00eatre convoqu\u00e9s.<\/span><br \/><span style=\"font-size: 17px;\">\u00ab La liste sera publi\u00e9e huit \u00e0 dix jours avant. Aujourd\u2019hui, la concurrence est \u00e9norme. Ces onze premiers mois m\u2019ont permis d\u2019ouvrir la porte \u00e0 beaucoup de joueurs de bonne qualit\u00e9, plus jeunes, qui \u00e9voluent dans des championnats moins m\u00e9diatis\u00e9s. \u00bb,a-t-il expliqu\u00e9. <\/span><br \/><img data-recalc-dims=\"1\" loading=\"lazy\" decoding=\"async\" class=\"alignnone wp-image-166588 size-full\"src=\"https:\/\/i0.wp.com\/www.guinee7.com\/wp-content\/uploads\/2026\/09\/IMG-20260902-WA0007.jpg?w=700&amp;ssl=1\" alt=\"\" width=\"700\" height=\"346\" srcset=\"https:\/\/i0.wp.com\/www.guinee7.com\/wp-content\/uploads\/2026\/09\/IMG-20260902-WA0007.jpg?w=700&amp;ssl=1 700w, https:\/\/i0.wp.com\/www.guinee7.com\/wp-content\/uploads\/2026\/09\/IMG-20260902-WA0007.jpg?resize=300%2C148&amp;ssl=1 300w\" sizes=\"auto, (max-width: 700px) 100vw, 700px\"><\/p>\n<p><span style=\"font-size: 17px;\">Sur le dossier des binationaux, Paulo Duarte se montre cat\u00e9gorique. Il pr\u00e9f\u00e8re mettre l\u2019accent sur les joueurs qui ont choisi la Guin\u00e9e. \u00ab Le pays doit compter sur les joueurs qui veulent jouer et mourir pour la patrie. Je ne veux plus parler des joueurs qui n\u2019ont pas accept\u00e9 de venir, parce que \u00e7a ne m\u2019int\u00e9resse pas. Aujourd\u2019hui, je me concentre sur ceux qui sont l\u00e0 et qui veulent d\u00e9fendre les couleurs de la Guin\u00e9e. \u00bb, tout en rappelant n\u00e9anmoins que la porte de la s\u00e9lection reste ouverte \u00e0 tous.<\/span><\/p>\n<p><span style=\"font-size: 17px;\">Apr\u00e8s plusieurs ann\u00e9es pass\u00e9es \u00e0 recevoir ses matchs \u00e0 domicile hors de Guin\u00e9e, Paulo Duarte se r\u00e9jouit du retour du Syli national au stade du 28 Septembre. \u00ab Tr\u00e8s heureux, franchement tr\u00e8s heureux. Jouer \u00e0 domicile, c\u2019est \u00e9norme. Jouer avec un stade plein, ce n\u2019est pas la m\u00eame chose que de jouer sur un terrain neutre avec peu de supporters. Le public va beaucoup nous aider, surtout contre l\u2019Afrique du Sud. \u00bb<\/span><\/p>\n<p><strong><span style=\"font-size: 17px;\">Thierno Abdoul Barry pour guinee7.com<\/span><\/strong><!--\/data\/user\/0\/com.samsung.android.app.notes\/files\/clipdata\/clipdata_bodytext_260902_134518_184.sdocx--><\/p>\n<\/div>\n","protected":false},"excerpt":{"rendered":"<p>Conakry \u2013 Dans un entretien accord\u00e9 \u00e0 nos confr\u00e8res de Guin\u00e9enews, le s\u00e9lectionneur du Syli national, Paulo Duarte, a abord\u00e9 plusieurs sujets majeurs \u00e0 quelques semaines du d\u00e9but des \u00e9liminatoires de la CAN 2027. Le technicien portugais est revenu sur la pr\u00e9paration du choc face \u00e0 l\u2019Afrique du Sud, la prochaine liste de la Guin\u00e9e, &hellip;<\/p>\n","protected":false},"author":1,"featured_media":0,"comment_status":"closed","ping_status":"closed","sticky":false,"template":"","format":"standard","meta":{"footnotes":""},"categories":[2],"tags":[22],"_links":{"self":[{"href":"https:\/\/sn.ambaguinee.org\/index.php?rest_route=\/wp\/v2\/posts\/114311"}],"collection":[{"href":"https:\/\/sn.ambaguinee.org\/index.php?rest_route=\/wp\/v2\/posts"}],"about":[{"href":"https:\/\/sn.ambaguinee.org\/index.php?rest_route=\/wp\/v2\/types\/post"}],"author":[{"embeddable":true,"href":"https:\/\/sn.ambaguinee.org\/index.php?rest_route=\/wp\/v2\/users\/1"}],"replies":[{"embeddable":true,"href":"https:\/\/sn.ambaguinee.org\/index.php?rest_route=%2Fwp%2Fv2%2Fcomments&post=114311"}],"version-history":[{"count":0,"href":"https:\/\/sn.ambaguinee.org\/index.php?rest_route=\/wp\/v2\/posts\/114311\/revisions"}],"wp:attachment":[{"href":"https:\/\/sn.ambaguinee.org\/index.php?rest_route=%2Fwp%2Fv2%2Fmedia&parent=114311"}],"wp:term":[{"taxonomy":"category","embeddable":true,"href":"https:\/\/sn.ambaguinee.org\/index.php?rest_route=%2Fwp%2Fv2%2Fcategories&post=114311"},{"taxonomy":"post_tag","embeddable":true,"href":"https:\/\/sn.ambaguinee.org\/index.php?rest_route=%2Fwp%2Fv2%2Ftags&post=114311"}],"curies":[{"name":"wp","href":"https:\/\/api.w.org\/{rel}","templated":true}]}}