{"id":114489,"date":"2026-09-04T23:05:26","date_gmt":"2026-09-04T21:05:26","guid":{"rendered":"https:\/\/sn.ambaguinee.org\/?p=114489"},"modified":"2026-09-04T23:05:26","modified_gmt":"2026-09-04T21:05:26","slug":"dar-es-salam-le-bilan-revu-a-la-hausse-les-victimes-rejoignent-leurs-dernieres-demeures","status":"publish","type":"post","link":"https:\/\/sn.ambaguinee.org\/?p=114489","title":{"rendered":"Dar-Es-Salam : le bilan revu \u00e0 la hausse, les victimes rejoignent leurs derni\u00e8res demeures"},"content":{"rendered":"<div>\n<div style=\"margin-bottom:20px;\"><img width=\"1020\" height=\"471\"src=\"https:\/\/i0.wp.com\/www.guinee7.com\/wp-content\/uploads\/2026\/09\/IMG-20260904-WA0026.jpg?w=1020&amp;ssl=1\" class=\"attachment-post-thumbnail size-post-thumbnail wp-post-image\" alt=\"\" decoding=\"async\" loading=\"lazy\" srcset=\"https:\/\/i0.wp.com\/www.guinee7.com\/wp-content\/uploads\/2026\/09\/IMG-20260904-WA0026.jpg?w=1020&amp;ssl=1 1020w, https:\/\/i0.wp.com\/www.guinee7.com\/wp-content\/uploads\/2026\/09\/IMG-20260904-WA0026.jpg?resize=300%2C139&amp;ssl=1 300w, https:\/\/i0.wp.com\/www.guinee7.com\/wp-content\/uploads\/2026\/09\/IMG-20260904-WA0026.jpg?resize=768%2C355&amp;ssl=1 768w\" sizes=\"auto, (max-width: 1020px) 100vw, 1020px\"><\/div>\n<p><strong>Conakry-<\/strong> Les victimes de l\u2019\u00e9boulement survenu \u00e0 Dar-Es-Salam ont rejoint leurs derni\u00e8res demeures ce vendredi 4 septembre 2026, apr\u00e8s la pri\u00e8re mortuaire organis\u00e9e \u00e0 la mosqu\u00e9e turque de Conakry.<\/p>\n<p><img data-recalc-dims=\"1\" loading=\"lazy\" decoding=\"async\" class=\"aligncenter size-full wp-image-166695\"src=\"https:\/\/i0.wp.com\/www.guinee7.com\/wp-content\/uploads\/2026\/09\/IMG_20260904_133912-scaled.jpg?w=2560&amp;ssl=1\" alt=\"\" width=\"1170\" height=\"527\" srcset=\"https:\/\/i0.wp.com\/www.guinee7.com\/wp-content\/uploads\/2026\/09\/IMG_20260904_133912-scaled.jpg?w=2560&amp;ssl=1 2560w, https:\/\/i0.wp.com\/www.guinee7.com\/wp-content\/uploads\/2026\/09\/IMG_20260904_133912-scaled.jpg?resize=300%2C135&amp;ssl=1 300w, https:\/\/i0.wp.com\/www.guinee7.com\/wp-content\/uploads\/2026\/09\/IMG_20260904_133912-scaled.jpg?resize=1024%2C461&amp;ssl=1 1024w, https:\/\/i0.wp.com\/www.guinee7.com\/wp-content\/uploads\/2026\/09\/IMG_20260904_133912-scaled.jpg?resize=768%2C346&amp;ssl=1 768w, https:\/\/i0.wp.com\/www.guinee7.com\/wp-content\/uploads\/2026\/09\/IMG_20260904_133912-scaled.jpg?resize=1536%2C692&amp;ssl=1 1536w, https:\/\/i0.wp.com\/www.guinee7.com\/wp-content\/uploads\/2026\/09\/IMG_20260904_133912-scaled.jpg?resize=2048%2C922&amp;ssl=1 2048w, https:\/\/i0.wp.com\/www.guinee7.com\/wp-content\/uploads\/2026\/09\/IMG_20260904_133912-scaled.jpg?w=2340&amp;ssl=1 2340w\" sizes=\"auto, (max-width: 1170px) 100vw, 1170px\"><\/p>\n<p>La c\u00e9r\u00e9monie fun\u00e9raire s\u2019est d\u00e9roul\u00e9e en pr\u00e9sence du Premier ministre, Amadou Oury Bah, de plusieurs membres du gouvernement ainsi que d\u2019une d\u00e9l\u00e9gation venue de la Sierra Leone. Cette pr\u00e9sence t\u00e9moigne de la dimension nationale et sous-r\u00e9gionale de ce drame qui a endeuill\u00e9 de nombreuses familles.<\/p>\n<p><img data-recalc-dims=\"1\" loading=\"lazy\" decoding=\"async\" class=\"aligncenter size-full wp-image-166696\"src=\"https:\/\/i0.wp.com\/www.guinee7.com\/wp-content\/uploads\/2026\/09\/IMG_20260904_133145-scaled.jpg?w=2560&amp;ssl=1\" alt=\"\" width=\"1170\" height=\"527\" srcset=\"https:\/\/i0.wp.com\/www.guinee7.com\/wp-content\/uploads\/2026\/09\/IMG_20260904_133145-scaled.jpg?w=2560&amp;ssl=1 2560w, https:\/\/i0.wp.com\/www.guinee7.com\/wp-content\/uploads\/2026\/09\/IMG_20260904_133145-scaled.jpg?resize=300%2C135&amp;ssl=1 300w, https:\/\/i0.wp.com\/www.guinee7.com\/wp-content\/uploads\/2026\/09\/IMG_20260904_133145-scaled.jpg?resize=1024%2C461&amp;ssl=1 1024w, https:\/\/i0.wp.com\/www.guinee7.com\/wp-content\/uploads\/2026\/09\/IMG_20260904_133145-scaled.jpg?resize=768%2C346&amp;ssl=1 768w, https:\/\/i0.wp.com\/www.guinee7.com\/wp-content\/uploads\/2026\/09\/IMG_20260904_133145-scaled.jpg?resize=1536%2C692&amp;ssl=1 1536w, https:\/\/i0.wp.com\/www.guinee7.com\/wp-content\/uploads\/2026\/09\/IMG_20260904_133145-scaled.jpg?resize=2048%2C922&amp;ssl=1 2048w, https:\/\/i0.wp.com\/www.guinee7.com\/wp-content\/uploads\/2026\/09\/IMG_20260904_133145-scaled.jpg?w=2340&amp;ssl=1 2340w\" sizes=\"auto, (max-width: 1170px) 100vw, 1170px\"><\/p>\n<p>Avant l\u2019inhumation des victimes, l\u2019autorit\u00e9 charg\u00e9e de la gestion des catastrophes a communiqu\u00e9 un nouveau bilan, faisant \u00e9tat de 36 d\u00e9c\u00e8s.<\/p>\n<p><img data-recalc-dims=\"1\" loading=\"lazy\" decoding=\"async\" class=\"aligncenter size-full wp-image-166697\"src=\"https:\/\/i0.wp.com\/www.guinee7.com\/wp-content\/uploads\/2026\/09\/IMG_20260904_133457-scaled.jpg?w=2560&amp;ssl=1\" alt=\"\" width=\"1170\" height=\"527\" srcset=\"https:\/\/i0.wp.com\/www.guinee7.com\/wp-content\/uploads\/2026\/09\/IMG_20260904_133457-scaled.jpg?w=2560&amp;ssl=1 2560w, https:\/\/i0.wp.com\/www.guinee7.com\/wp-content\/uploads\/2026\/09\/IMG_20260904_133457-scaled.jpg?resize=300%2C135&amp;ssl=1 300w, https:\/\/i0.wp.com\/www.guinee7.com\/wp-content\/uploads\/2026\/09\/IMG_20260904_133457-scaled.jpg?resize=1024%2C461&amp;ssl=1 1024w, https:\/\/i0.wp.com\/www.guinee7.com\/wp-content\/uploads\/2026\/09\/IMG_20260904_133457-scaled.jpg?resize=768%2C346&amp;ssl=1 768w, https:\/\/i0.wp.com\/www.guinee7.com\/wp-content\/uploads\/2026\/09\/IMG_20260904_133457-scaled.jpg?resize=1536%2C692&amp;ssl=1 1536w, https:\/\/i0.wp.com\/www.guinee7.com\/wp-content\/uploads\/2026\/09\/IMG_20260904_133457-scaled.jpg?resize=2048%2C922&amp;ssl=1 2048w, https:\/\/i0.wp.com\/www.guinee7.com\/wp-content\/uploads\/2026\/09\/IMG_20260904_133457-scaled.jpg?w=2340&amp;ssl=1 2340w\" sizes=\"auto, (max-width: 1170px) 100vw, 1170px\"><\/p>\n<p>Pr\u00e9sentant l\u2019\u00e9tat des recherches et l\u2019\u00e9volution du bilan, le responsable a indiqu\u00e9 que les op\u00e9rations men\u00e9es sur le site avaient permis d\u2019\u00e9tablir un premier bilan de 34 morts et de plusieurs bless\u00e9s. \u00ab au terme de ces recherches, on d\u00e9nombrait \u00e0 ce jour 34 morts et plus d\u2019une vingtaine de bless\u00e9s. \u00c0 ce jour donc, vendredi 4 septembre, le bilan s\u2019\u00e9tablit comme suit : au total, 36 morts, dont 17 de nationalit\u00e9 l\u00e9onaise. Il convient de pr\u00e9ciser que parmi ces 36 morts, deux sont d\u00e9c\u00e9d\u00e9s cette semaine : une fillette le lundi dernier, et une seconde victime hier \u00e0 15 heures \u00e0 l\u2019h\u00f4pital Donka.\u00bb<\/p>\n<p><img data-recalc-dims=\"1\" loading=\"lazy\" decoding=\"async\" class=\"aligncenter size-full wp-image-166698\"src=\"https:\/\/i0.wp.com\/www.guinee7.com\/wp-content\/uploads\/2026\/09\/IMG_20260904_133155-scaled.jpg?w=2560&amp;ssl=1\" alt=\"\" width=\"1170\" height=\"527\" srcset=\"https:\/\/i0.wp.com\/www.guinee7.com\/wp-content\/uploads\/2026\/09\/IMG_20260904_133155-scaled.jpg?w=2560&amp;ssl=1 2560w, https:\/\/i0.wp.com\/www.guinee7.com\/wp-content\/uploads\/2026\/09\/IMG_20260904_133155-scaled.jpg?resize=300%2C135&amp;ssl=1 300w, https:\/\/i0.wp.com\/www.guinee7.com\/wp-content\/uploads\/2026\/09\/IMG_20260904_133155-scaled.jpg?resize=1024%2C461&amp;ssl=1 1024w, https:\/\/i0.wp.com\/www.guinee7.com\/wp-content\/uploads\/2026\/09\/IMG_20260904_133155-scaled.jpg?resize=768%2C346&amp;ssl=1 768w, https:\/\/i0.wp.com\/www.guinee7.com\/wp-content\/uploads\/2026\/09\/IMG_20260904_133155-scaled.jpg?resize=1536%2C692&amp;ssl=1 1536w, https:\/\/i0.wp.com\/www.guinee7.com\/wp-content\/uploads\/2026\/09\/IMG_20260904_133155-scaled.jpg?resize=2048%2C922&amp;ssl=1 2048w, https:\/\/i0.wp.com\/www.guinee7.com\/wp-content\/uploads\/2026\/09\/IMG_20260904_133155-scaled.jpg?w=2340&amp;ssl=1 2340w\" sizes=\"auto, (max-width: 1170px) 100vw, 1170px\"><\/p>\n<p>Ce nouveau bilan porte ainsi \u00e0 36 le nombre total de personnes d\u00e9c\u00e9d\u00e9es dans cette trag\u00e9die, dont 17 ressortissants sierra-l\u00e9onais. Deux d\u00e9c\u00e8s suppl\u00e9mentaires ont \u00e9t\u00e9 enregistr\u00e9s au cours de la semaine, portant le bilan \u00e0 la hausse.<\/p>\n<p><img data-recalc-dims=\"1\" loading=\"lazy\" decoding=\"async\" class=\"aligncenter size-full wp-image-166699\"src=\"https:\/\/i0.wp.com\/www.guinee7.com\/wp-content\/uploads\/2026\/09\/IMG-20260904-WA0027.jpg?w=1020&amp;ssl=1\" alt=\"\" width=\"1020\" height=\"471\" srcset=\"https:\/\/i0.wp.com\/www.guinee7.com\/wp-content\/uploads\/2026\/09\/IMG-20260904-WA0027.jpg?w=1020&amp;ssl=1 1020w, https:\/\/i0.wp.com\/www.guinee7.com\/wp-content\/uploads\/2026\/09\/IMG-20260904-WA0027.jpg?resize=300%2C139&amp;ssl=1 300w, https:\/\/i0.wp.com\/www.guinee7.com\/wp-content\/uploads\/2026\/09\/IMG-20260904-WA0027.jpg?resize=768%2C355&amp;ssl=1 768w\" sizes=\"auto, (max-width: 1020px) 100vw, 1020px\"><\/p>\n<p>Apr\u00e8s la pri\u00e8re mortuaire \u00e0 la mosqu\u00e9e turque, les d\u00e9pouilles ont \u00e9t\u00e9 conduites vers leur derni\u00e8re demeure, dans une atmosph\u00e8re particuli\u00e8rement douloureuse pour les familles, les proches et les nombreuses personnes venues leur rendre un dernier hommage.<\/p>\n<p><strong>Abdoul Lory Sylla pour guinee7.com<\/strong><\/p>\n<\/div>\n","protected":false},"excerpt":{"rendered":"<p>Conakry- Les victimes de l\u2019\u00e9boulement survenu \u00e0 Dar-Es-Salam ont rejoint leurs derni\u00e8res demeures ce vendredi 4 septembre 2026, apr\u00e8s la pri\u00e8re mortuaire organis\u00e9e \u00e0 la mosqu\u00e9e turque de Conakry. La c\u00e9r\u00e9monie fun\u00e9raire s\u2019est d\u00e9roul\u00e9e en pr\u00e9sence du Premier ministre, Amadou Oury Bah, de plusieurs membres du gouvernement ainsi que d\u2019une d\u00e9l\u00e9gation venue de la Sierra &hellip;<\/p>\n","protected":false},"author":1,"featured_media":0,"comment_status":"closed","ping_status":"closed","sticky":false,"template":"","format":"standard","meta":{"footnotes":""},"categories":[2],"tags":[22],"_links":{"self":[{"href":"https:\/\/sn.ambaguinee.org\/index.php?rest_route=\/wp\/v2\/posts\/114489"}],"collection":[{"href":"https:\/\/sn.ambaguinee.org\/index.php?rest_route=\/wp\/v2\/posts"}],"about":[{"href":"https:\/\/sn.ambaguinee.org\/index.php?rest_route=\/wp\/v2\/types\/post"}],"author":[{"embeddable":true,"href":"https:\/\/sn.ambaguinee.org\/index.php?rest_route=\/wp\/v2\/users\/1"}],"replies":[{"embeddable":true,"href":"https:\/\/sn.ambaguinee.org\/index.php?rest_route=%2Fwp%2Fv2%2Fcomments&post=114489"}],"version-history":[{"count":0,"href":"https:\/\/sn.ambaguinee.org\/index.php?rest_route=\/wp\/v2\/posts\/114489\/revisions"}],"wp:attachment":[{"href":"https:\/\/sn.ambaguinee.org\/index.php?rest_route=%2Fwp%2Fv2%2Fmedia&parent=114489"}],"wp:term":[{"taxonomy":"category","embeddable":true,"href":"https:\/\/sn.ambaguinee.org\/index.php?rest_route=%2Fwp%2Fv2%2Fcategories&post=114489"},{"taxonomy":"post_tag","embeddable":true,"href":"https:\/\/sn.ambaguinee.org\/index.php?rest_route=%2Fwp%2Fv2%2Ftags&post=114489"}],"curies":[{"name":"wp","href":"https:\/\/api.w.org\/{rel}","templated":true}]}}