{"id":114639,"date":"2026-09-06T23:05:45","date_gmt":"2026-09-06T21:05:45","guid":{"rendered":"https:\/\/sn.ambaguinee.org\/?p=114639"},"modified":"2026-09-06T23:05:45","modified_gmt":"2026-09-06T21:05:45","slug":"espagne-sorti-sur-blessure-contre-barca-mouctar-diakhaby-vers-un-forfait-avec-le-syli","status":"publish","type":"post","link":"https:\/\/sn.ambaguinee.org\/?p=114639","title":{"rendered":"Espagne : sorti sur blessure contre Bar\u00e7a, Mouctar Diakhaby vers un forfait avec le Syli"},"content":{"rendered":"<div>\n<p><strong>VALENCE- Le d\u00e9fenseur guin\u00e9en Mouctar Diakhaby s\u2019est de nouveau bless\u00e9 ce dimanche, lors de la lourde d\u00e9faite du Valence CF face au FC Barcelone (0-5) en LaLiga<\/strong><\/p>\n<p>Titulaire au coup d\u2019envoi, le guin\u00e9en de 29 ans a \u00e9t\u00e9 contraint de c\u00e9der sa place \u00e0 la 62e minute \u00e0 la suite d\u2019une douleur aigu\u00eb ressentie \u00e0 la jambe droite. Il a \u00e9t\u00e9 remplac\u00e9 par Iker C\u00f3rdoba<\/p>\n<p>Le club vient de confirmer une l\u00e9sion musculaire aux ischio-jambiers de la jambe droite. Heureusement, ce p\u00e9pin physique n\u2019a aucun lien avec sa terrible luxation du genou subie en mars 2024 qui l\u2019avait \u00e9loign\u00e9 des terrains pendant pr\u00e8s d\u2019un an. <br \/>L\u2019indisponibilit\u00e9 de Diakhaby est d\u2019ores et d\u00e9j\u00e0 estim\u00e9e \u00e0 environ un mois, ce qui veut dire qu\u2019il sera forfait avec le Syli pour la tr\u00eave internationale et le d\u00e9but des \u00e9liminatoires de la CAN 2027. Un coup dur pour le jouer et le s\u00e9lectionneur Duart\u00e9 qui comptait sur lui.<\/p>\n<p><strong>Mohamed LAMINE TOUR\u00c9 <\/strong><\/p>\n<\/p>\n<p>L\u2019article <a href=\"https:\/\/guineefoot.info\/espagne-sorti-sur-blessure-contre-barca-mouctar-diakhaby-vers-un-forfait-avec-le-syli\/\">Espagne : sorti sur blessure contre Bar\u00e7a, Mouctar Diakhaby vers un forfait avec le Syli<\/a> est apparu en premier sur <a href=\"https:\/\/guineefoot.info\/\">Guineefoot<\/a>.<\/p>\n<\/div>\n","protected":false},"excerpt":{"rendered":"<p>VALENCE- Le d\u00e9fenseur guin\u00e9en Mouctar Diakhaby s\u2019est de nouveau bless\u00e9 ce dimanche, lors de la lourde d\u00e9faite du Valence CF face au FC Barcelone (0-5) en LaLiga Titulaire au coup d\u2019envoi, le guin\u00e9en de 29 ans a \u00e9t\u00e9 contraint de c\u00e9der sa place \u00e0 la 62e minute \u00e0 la suite d\u2019une douleur aigu\u00eb ressentie \u00e0 &hellip;<\/p>\n","protected":false},"author":1,"featured_media":0,"comment_status":"closed","ping_status":"closed","sticky":false,"template":"","format":"standard","meta":{"footnotes":""},"categories":[4],"tags":[],"_links":{"self":[{"href":"https:\/\/sn.ambaguinee.org\/index.php?rest_route=\/wp\/v2\/posts\/114639"}],"collection":[{"href":"https:\/\/sn.ambaguinee.org\/index.php?rest_route=\/wp\/v2\/posts"}],"about":[{"href":"https:\/\/sn.ambaguinee.org\/index.php?rest_route=\/wp\/v2\/types\/post"}],"author":[{"embeddable":true,"href":"https:\/\/sn.ambaguinee.org\/index.php?rest_route=\/wp\/v2\/users\/1"}],"replies":[{"embeddable":true,"href":"https:\/\/sn.ambaguinee.org\/index.php?rest_route=%2Fwp%2Fv2%2Fcomments&post=114639"}],"version-history":[{"count":0,"href":"https:\/\/sn.ambaguinee.org\/index.php?rest_route=\/wp\/v2\/posts\/114639\/revisions"}],"wp:attachment":[{"href":"https:\/\/sn.ambaguinee.org\/index.php?rest_route=%2Fwp%2Fv2%2Fmedia&parent=114639"}],"wp:term":[{"taxonomy":"category","embeddable":true,"href":"https:\/\/sn.ambaguinee.org\/index.php?rest_route=%2Fwp%2Fv2%2Fcategories&post=114639"},{"taxonomy":"post_tag","embeddable":true,"href":"https:\/\/sn.ambaguinee.org\/index.php?rest_route=%2Fwp%2Fv2%2Ftags&post=114639"}],"curies":[{"name":"wp","href":"https:\/\/api.w.org\/{rel}","templated":true}]}}