{"id":14854,"date":"2021-09-04T23:01:00","date_gmt":"2021-09-04T21:01:00","guid":{"rendered":"https:\/\/sn.ambaguinee.org\/?p=14854"},"modified":"2021-09-04T23:01:00","modified_gmt":"2021-09-04T21:01:00","slug":"cellou-dalein-la-lfr-montre-le-peu-dinteret-que-le-gouvernement-accorde-au-developpement","status":"publish","type":"post","link":"https:\/\/sn.ambaguinee.org\/?p=14854","title":{"rendered":"Cellou Dalein: \u00ab la LFR montre le peu d\u2019int\u00e9r\u00eat que le gouvernement accorde au d\u00e9veloppement \u00bb"},"content":{"rendered":"<div>\n<p>Ce samedi 4 septembre 2021, le pr\u00e9sident de l\u2019Union des Forces D\u00e9mocratiques de Guin\u00e9e (UFDG) et de l\u2019Alliance Nationale pour l\u2019Alternance D\u00e9mocratique (ANAD), Cellou Dalein Diallo, lors de l\u2019Assembl\u00e9e g\u00e9n\u00e9rale virtuelle de sa formation politique, est revenu sur la Loi de Finances Rectificative (LFR) 2021 adopt\u00e9e par la majorit\u00e9 des d\u00e9put\u00e9s de l\u2019assembl\u00e9e nationale.\u00a0<\/p>\n<p>Retenons que les segments de l\u2019\u00c9tat (Minist\u00e8res et Institutions) qui ont vu leur budget argument\u00e9 lors de cette loi sont la Pr\u00e9sidence qui \u201cd\u00e9cide\u201d, l\u2019Assembl\u00e9e Nationale qui vote, le Minist\u00e8re de l\u2019Economie et des Finances qui \u00e9labore la loi de finances et\u00a0 l\u2019ex\u00e9cute, le Minist\u00e8re de la S\u00e9curit\u00e9 qui \u201cr\u00e9prime\u201d et le secteur de la<\/p>\n<p>Justice qui \u201charc\u00e8le l\u2019Opposition et prot\u00e8ge le pouvoir\u201d. Il faut par contre retenir que les d\u00e9partements de l\u2019\u00c9ducation Nationale, de la Sant\u00e9 et la CENI\u2026ont vu leur budget r\u00e9duit lors de l\u2019adoption de la LFR 2021.<\/p>\n<p>Le Pr\u00e9sident de l\u2019Union des Forces D\u00e9mocratiques de Guin\u00e9e est revenu lors de cette traditionnelle assembl\u00e9e g\u00e9n\u00e9rale virtuelle sur cette loi adopt\u00e9e par les d\u00e9put\u00e9s le mercredi dernier. Lisez\u2026<\/p>\n<p>\u00ab\u00a0Pour financer ces augmentations, on proc\u00e8de d\u2019abord \u00e0 l\u2019augmentation\u00a0 des imp\u00f4ts et taxes, notamment la TSPP, la taxe sur les\u00a0 t\u00e9l\u00e9communications, le pr\u00e9l\u00e8vement de 5% sur les maigres salaires des\u00a0<\/p>\n<p>Fonctionnaires. Ce qui, in\u00e9vitablement, va r\u00e9duire le pouvoir d\u2019achat des m\u00e9nages et aggraver la pr\u00e9carit\u00e9.<\/p>\n<p>Je ne reviens pas sur les cons\u00e9quences de l\u2019augmentation du prix du carburant sur le co\u00fbt de tous les biens et services \u00e9chang\u00e9s, notamment\u00a0<\/p>\n<p>sur les denr\u00e9es de premi\u00e8re n\u00e9cessit\u00e9.<\/p>\n<p>Ensuite, on r\u00e9duit les cr\u00e9dits allou\u00e9s \u00e0 des secteurs importants pour le d\u00e9veloppement du pays, comme l\u2019Education nationale (-9%), l\u2019Enseignement technique et professionnel (-18%), la Sant\u00e9 (-40%), l\u2019Elevage (-74%).<\/p>\n<p>Mais avant ces ajustements, on note d\u00e9j\u00e0 que les d\u00e9penses de\u00a0 fonctionnement ont \u00e9t\u00e9 ex\u00e9cut\u00e9es au premier semestre 2021 \u00e0 hauteur de 83,56% tandis que les d\u00e9penses d\u2019investissement n\u2019ont \u00e9t\u00e9 effectu\u00e9es qu\u2019\u00e0 seulement 17,61%.\u00a0<\/p>\n<p>Ces r\u00e9sultats de l\u2019ex\u00e9cution budg\u00e9taire au 30 juin et les ajustements auxquels on vient de proc\u00e9der \u00e0 travers la LFR montrent le peu d\u2019int\u00e9r\u00eat\u00a0 que le gouvernement accorde au d\u00e9veloppement et sa tendance \u00e0\u00a0 privil\u00e9gier le fonctionnement au d\u00e9triment des investissements.<\/p>\n<p>On se souvient d\u2019ailleurs que le budget national d\u2019investissement n\u2019a \u00e9t\u00e9 ex\u00e9cut\u00e9 en 2020 qu\u2019\u00e0 hauteur de 5%. La priorit\u00e9 de Alpha Cond\u00e9 \u00e0 l\u2019\u00e9poque \u00e9tant le financement de la r\u00e9pression des opposants et l\u2019achat des consciences pour garantir le troisi\u00e8me mandat.<\/p>\n<p>Dans cette LFR, on note que la pression fiscale se situe \u00e0 14%, un niveau faible eu \u00e9gard au potentiel et par rapport \u00e0 ce qu\u2019il est dans les pays de la sous-r\u00e9gion. Ceci pourrait s\u2019expliquer en partie par la faiblesse de la contribution du secteur minier aux recettes de l\u2019\u00c9tat. Celle-ci ne repr\u00e9sente en effet que\u00a0 11,8% des recettes totales alors que le secteur participe \u00e0 hauteur de 22% au PIB et repr\u00e9sente 90% des exportations du pays.\u00a0<\/p>\n<p>Ceci n\u2019est pas une surprise puisque les exon\u00e9rations octroy\u00e9es en dehors du Code minier \u00e0 des compagnies qui exploitent l\u2019or et la bauxite\u00a0 repr\u00e9sentent selon le FMI l\u2019\u00e9quivalent de 7% du PIB ou 11.900 milliards de FG, ou encore l\u2019\u00e9quivalent de toutes les recettes douani\u00e8res pr\u00e9vues en 2021.<\/p>\n<p>Si ces montants \u00e9taient recouvr\u00e9s ou plut\u00f4t pay\u00e9s au bon guichet, la pression fiscale de notre pays aurait atteint 21% du PIB. Il faut d\u00e9plorer le manque de transparence et d\u2019\u00e9quit\u00e9 qui pr\u00e9side \u00e0 l\u2019octroi des r\u00e9gimes fiscaux accord\u00e9s aux compagnies \u00e0 travers des\u00a0 conventions qui les exon\u00e8rent du respect du Code minier. Par la corruption et les complicit\u00e9s au sein de l\u2019administration, ces\u00a0 compagnies r\u00e9ussissent souvent \u00e0 contourner les dispositions de ces conventions particuli\u00e8res et \u00e0 r\u00e9duire notamment par la sous-facturation leur contribution au budget de l\u2019\u00c9tat. Voici quelques exemples d\u2019ajustements op\u00e9r\u00e9s dans la LFR : \u00e0 la Pr\u00e9sidence, les cr\u00e9dits passent de 492 milliards \u00e0 667\u00a0 milliards FG, soit une augmentation de 175 milliards, ce qui \u00e9quivaut \u00e0 une hausse de 35,5%. A l\u2019Assembl\u00e9e Nationale, le total des d\u00e9penses passe de 273 milliards \u00e0 357 milliards, soit une augmentation de 31%, alors que les d\u00e9penses du personnel passent de 105 Milliards \u00e0 186\u00a0 milliards, soit une augmentation de 76%. Au Minist\u00e8re de la Justice, les cr\u00e9dits passent de 64 milliards \u00e0\u00a0 188 milliards, soit une augmentation de 124 milliards, soit 194%. A la Cour supr\u00eame, les cr\u00e9dits passent de 7 milliards \u00e0 122<\/p>\n<p>milliards, soit une augmentation de 115 milliards. Au Minist\u00e8re de l\u2019Economie et des Finances, les cr\u00e9dits passent\u00a0 de 128 milliards \u00e0 211 milliards, soit une augmentation de 83\u00a0 milliards, soit 64%.\u00a0\u00bb<\/p>\n<p><strong>Mamadou Yaya Barry\u00a0<\/strong><\/p>\n<\/div>\n","protected":false},"excerpt":{"rendered":"<p>Ce samedi 4 septembre 2021, le pr\u00e9sident de l\u2019Union des Forces D\u00e9mocratiques de Guin\u00e9e (UFDG) et de l\u2019Alliance Nationale pour l\u2019Alternance D\u00e9mocratique (ANAD), Cellou Dalein Diallo, lors de l\u2019Assembl\u00e9e g\u00e9n\u00e9rale virtuelle de sa formation politique, est revenu sur la Loi de Finances Rectificative (LFR) 2021 adopt\u00e9e par la majorit\u00e9 des d\u00e9put\u00e9s de l\u2019assembl\u00e9e nationale.\u00a0 Retenons &hellip;<\/p>\n","protected":false},"author":1,"featured_media":0,"comment_status":"closed","ping_status":"closed","sticky":false,"template":"","format":"standard","meta":{"footnotes":""},"categories":[2],"tags":[23],"_links":{"self":[{"href":"https:\/\/sn.ambaguinee.org\/index.php?rest_route=\/wp\/v2\/posts\/14854"}],"collection":[{"href":"https:\/\/sn.ambaguinee.org\/index.php?rest_route=\/wp\/v2\/posts"}],"about":[{"href":"https:\/\/sn.ambaguinee.org\/index.php?rest_route=\/wp\/v2\/types\/post"}],"author":[{"embeddable":true,"href":"https:\/\/sn.ambaguinee.org\/index.php?rest_route=\/wp\/v2\/users\/1"}],"replies":[{"embeddable":true,"href":"https:\/\/sn.ambaguinee.org\/index.php?rest_route=%2Fwp%2Fv2%2Fcomments&post=14854"}],"version-history":[{"count":0,"href":"https:\/\/sn.ambaguinee.org\/index.php?rest_route=\/wp\/v2\/posts\/14854\/revisions"}],"wp:attachment":[{"href":"https:\/\/sn.ambaguinee.org\/index.php?rest_route=%2Fwp%2Fv2%2Fmedia&parent=14854"}],"wp:term":[{"taxonomy":"category","embeddable":true,"href":"https:\/\/sn.ambaguinee.org\/index.php?rest_route=%2Fwp%2Fv2%2Fcategories&post=14854"},{"taxonomy":"post_tag","embeddable":true,"href":"https:\/\/sn.ambaguinee.org\/index.php?rest_route=%2Fwp%2Fv2%2Ftags&post=14854"}],"curies":[{"name":"wp","href":"https:\/\/api.w.org\/{rel}","templated":true}]}}