{"id":15154,"date":"2021-09-10T23:02:23","date_gmt":"2021-09-10T21:02:23","guid":{"rendered":"https:\/\/sn.ambaguinee.org\/?p=15154"},"modified":"2021-09-10T23:02:23","modified_gmt":"2021-09-10T21:02:23","slug":"info-mediaguinee-la-cedeao-a-conakry-le-principe-de-liberation-dalpha-conde-acquis","status":"publish","type":"post","link":"https:\/\/sn.ambaguinee.org\/?p=15154","title":{"rendered":"[Info Mediaguinee] La Cedeao \u00e0 Conakry : \u201cle principe de lib\u00e9ration d\u2019Alpha Cond\u00e9 acquis\u201d"},"content":{"rendered":"<div>\n<p>Aux mains des putschistes depuis le coup d\u2019\u00c9tat qui l\u2019a renvers\u00e9 le 5 septembre dernier, l\u2019ex-pr\u00e9sident Alpha Cond\u00e9 sera bient\u00f4t libre.<\/p>\n<p>Selon une source g\u00e9n\u00e9ralement bien inform\u00e9e, \u201cle principe de lib\u00e9ration d\u2019Alpha Cond\u00e9 est acquis m\u00eame si aucune date n\u2019est avanc\u00e9e pour sa mise en libert\u00e9\u201d.<\/p>\n<p>Ce vendredi 10 septembre, des \u00e9missaires de la CEDEAO ont rencontr\u00e9 Alpha Cond\u00e9 apr\u00e8s s\u2019\u00eatre entretenus avec le nouvel homme fort du pays, colonel Mamady Doumbouya.<\/p>\n<p>Jean Claude Kassi Brou, pr\u00e9sident en exercice de la CEDEAO et membre de la d\u00e9l\u00e9gation ayant rencontr\u00e9 Alpha Cond\u00e9 ce vendredi soutient qu\u2019il va bien.<\/p>\n<p><strong>Focus de Mediaguinee<\/strong><\/p>\n<p>L\u2019article <a rel=\"nofollow\" href=\"https:\/\/mediaguinee.org\/info-mediaguinee-la-cedeao-a-conakry-le-principe-de-liberation-dalpha-conde-acquis\/\">[Info Mediaguinee] La Cedeao \u00e0 Conakry : \u201cle principe de lib\u00e9ration d\u2019Alpha Cond\u00e9 acquis\u201d<\/a> est apparu en premier sur <a rel=\"nofollow\" href=\"https:\/\/mediaguinee.org\/\">Mediaguinee.org<\/a>.<\/p>\n<\/div>\n","protected":false},"excerpt":{"rendered":"<p>Aux mains des putschistes depuis le coup d\u2019\u00c9tat qui l\u2019a renvers\u00e9 le 5 septembre dernier, l\u2019ex-pr\u00e9sident Alpha Cond\u00e9 sera bient\u00f4t libre. Selon une source g\u00e9n\u00e9ralement bien inform\u00e9e, \u201cle principe de lib\u00e9ration d\u2019Alpha Cond\u00e9 est acquis m\u00eame si aucune date n\u2019est avanc\u00e9e pour sa mise en libert\u00e9\u201d. Ce vendredi 10 septembre, des \u00e9missaires de la CEDEAO &hellip;<\/p>\n","protected":false},"author":1,"featured_media":0,"comment_status":"closed","ping_status":"closed","sticky":false,"template":"","format":"standard","meta":{"footnotes":""},"categories":[2],"tags":[23],"_links":{"self":[{"href":"https:\/\/sn.ambaguinee.org\/index.php?rest_route=\/wp\/v2\/posts\/15154"}],"collection":[{"href":"https:\/\/sn.ambaguinee.org\/index.php?rest_route=\/wp\/v2\/posts"}],"about":[{"href":"https:\/\/sn.ambaguinee.org\/index.php?rest_route=\/wp\/v2\/types\/post"}],"author":[{"embeddable":true,"href":"https:\/\/sn.ambaguinee.org\/index.php?rest_route=\/wp\/v2\/users\/1"}],"replies":[{"embeddable":true,"href":"https:\/\/sn.ambaguinee.org\/index.php?rest_route=%2Fwp%2Fv2%2Fcomments&post=15154"}],"version-history":[{"count":0,"href":"https:\/\/sn.ambaguinee.org\/index.php?rest_route=\/wp\/v2\/posts\/15154\/revisions"}],"wp:attachment":[{"href":"https:\/\/sn.ambaguinee.org\/index.php?rest_route=%2Fwp%2Fv2%2Fmedia&parent=15154"}],"wp:term":[{"taxonomy":"category","embeddable":true,"href":"https:\/\/sn.ambaguinee.org\/index.php?rest_route=%2Fwp%2Fv2%2Fcategories&post=15154"},{"taxonomy":"post_tag","embeddable":true,"href":"https:\/\/sn.ambaguinee.org\/index.php?rest_route=%2Fwp%2Fv2%2Ftags&post=15154"}],"curies":[{"name":"wp","href":"https:\/\/api.w.org\/{rel}","templated":true}]}}