{"id":15476,"date":"2021-09-17T23:04:13","date_gmt":"2021-09-17T21:04:13","guid":{"rendered":"https:\/\/sn.ambaguinee.org\/?p=15476"},"modified":"2021-09-17T23:04:13","modified_gmt":"2021-09-17T21:04:13","slug":"le-president-ghaneen-est-arrive-a-conakry","status":"publish","type":"post","link":"https:\/\/sn.ambaguinee.org\/?p=15476","title":{"rendered":"Le pr\u00e9sident ghan\u00e9en est arriv\u00e9 \u00e0 Conakry"},"content":{"rendered":"<div>\n<p>Apr\u00e8s le pr\u00e9sident ivoirien, le pr\u00e9sident ghan\u00e9en est lui aussi arriv\u00e9e \u00e0 Conakry, ce vendredi 17 septembre 2021.<\/p>\n<p>Nana Akufo-Ado a \u00e9t\u00e9 accueilli \u00e0 l\u2019a\u00e9roport international de Conakry par le chef de la junte militaire, le colonel Mamady Doumbouya.<\/p>\n<p>Le pr\u00e9sident du comit\u00e9 national du rassemblement et du d\u00e9veloppement (CNRD) est en ce moment m\u00eame en entretien avec les pr\u00e9sidents ivoirien et ghan\u00e9en dans un r\u00e9ceptif h\u00f4telier de la place.<\/p>\n<p><strong>Sadjo Bah<\/strong><\/p>\n<p>L\u2019article <a rel=\"nofollow\" href=\"https:\/\/mediaguinee.org\/le-president-ghaneen-est-arrive-a-conakry\/\">Le pr\u00e9sident ghan\u00e9en est arriv\u00e9 \u00e0 Conakry<\/a> est apparu en premier sur <a rel=\"nofollow\" href=\"https:\/\/mediaguinee.org\/\">Mediaguinee.org<\/a>.<\/p>\n<\/div>\n","protected":false},"excerpt":{"rendered":"<p>Apr\u00e8s le pr\u00e9sident ivoirien, le pr\u00e9sident ghan\u00e9en est lui aussi arriv\u00e9e \u00e0 Conakry, ce vendredi 17 septembre 2021. Nana Akufo-Ado a \u00e9t\u00e9 accueilli \u00e0 l\u2019a\u00e9roport international de Conakry par le chef de la junte militaire, le colonel Mamady Doumbouya. Le pr\u00e9sident du comit\u00e9 national du rassemblement et du d\u00e9veloppement (CNRD) est en ce moment m\u00eame &hellip;<\/p>\n","protected":false},"author":1,"featured_media":0,"comment_status":"closed","ping_status":"closed","sticky":false,"template":"","format":"standard","meta":{"footnotes":""},"categories":[2],"tags":[23],"_links":{"self":[{"href":"https:\/\/sn.ambaguinee.org\/index.php?rest_route=\/wp\/v2\/posts\/15476"}],"collection":[{"href":"https:\/\/sn.ambaguinee.org\/index.php?rest_route=\/wp\/v2\/posts"}],"about":[{"href":"https:\/\/sn.ambaguinee.org\/index.php?rest_route=\/wp\/v2\/types\/post"}],"author":[{"embeddable":true,"href":"https:\/\/sn.ambaguinee.org\/index.php?rest_route=\/wp\/v2\/users\/1"}],"replies":[{"embeddable":true,"href":"https:\/\/sn.ambaguinee.org\/index.php?rest_route=%2Fwp%2Fv2%2Fcomments&post=15476"}],"version-history":[{"count":0,"href":"https:\/\/sn.ambaguinee.org\/index.php?rest_route=\/wp\/v2\/posts\/15476\/revisions"}],"wp:attachment":[{"href":"https:\/\/sn.ambaguinee.org\/index.php?rest_route=%2Fwp%2Fv2%2Fmedia&parent=15476"}],"wp:term":[{"taxonomy":"category","embeddable":true,"href":"https:\/\/sn.ambaguinee.org\/index.php?rest_route=%2Fwp%2Fv2%2Fcategories&post=15476"},{"taxonomy":"post_tag","embeddable":true,"href":"https:\/\/sn.ambaguinee.org\/index.php?rest_route=%2Fwp%2Fv2%2Ftags&post=15476"}],"curies":[{"name":"wp","href":"https:\/\/api.w.org\/{rel}","templated":true}]}}