{"id":15481,"date":"2021-09-17T23:04:15","date_gmt":"2021-09-17T21:04:15","guid":{"rendered":"https:\/\/sn.ambaguinee.org\/?p=15481"},"modified":"2021-09-17T23:04:15","modified_gmt":"2021-09-17T21:04:15","slug":"le-chef-de-la-junte-accueille-alassane-ouattara-a-conakry","status":"publish","type":"post","link":"https:\/\/sn.ambaguinee.org\/?p=15481","title":{"rendered":"Le chef de la junte accueille Alassane Ouattara \u00e0 Conakry"},"content":{"rendered":"<div>\n<p>L\u2019arriv\u00e9e de la d\u00e9l\u00e9gation des chefs d\u2019Etats de la CEDEAO a commenc\u00e9 ce vendredi par celle du pr\u00e9sident ivoirien, Alassane Dramane Ouattara.<\/p>\n<p>Il a \u00e9t\u00e9 accueilli par le Colonel Mamady Doumbouya, en pr\u00e9sence du chef d\u2019\u00e9tat-major des arm\u00e9es, le haut commandant de la gendarmerie nationale, des repr\u00e9sentants des missions diplomatiques\u2026<\/p>\n<p>D\u2019autres pr\u00e9sidents tels que Macky Sall du S\u00e9n\u00e9gal et Nana Akufo-Addo du Ghana sont aussi attendus.<\/p>\n<p><strong>Abdou Lory Sylla pour\u00a0<a href=\"http:\/\/guinee7.com\/\" data-saferedirecturl=\"https:\/\/www.google.com\/url?q=http:\/\/guinee7.com&amp;source=gmail&amp;ust=1631971157032000&amp;usg=AFQjCNHCTcYvhV0pahpQjsBcn6OQ1zdd4w\">guinee7.com<\/a>\u00a0<\/strong><\/p>\n<p>L\u2019article <a rel=\"nofollow\" href=\"https:\/\/www.guinee7.com\/le-chef-de-la-junte-accueille-alassane-ouattara-a-conakry\/\">Le chef de la junte accueille Alassane Ouattara \u00e0 Conakry<\/a> est apparu en premier sur <a rel=\"nofollow\" href=\"https:\/\/www.guinee7.com\/\">Guinee7.com<\/a>.<\/p>\n<\/div>\n","protected":false},"excerpt":{"rendered":"<p>L\u2019arriv\u00e9e de la d\u00e9l\u00e9gation des chefs d\u2019Etats de la CEDEAO a commenc\u00e9 ce vendredi par celle du pr\u00e9sident ivoirien, Alassane Dramane Ouattara. Il a \u00e9t\u00e9 accueilli par le Colonel Mamady Doumbouya, en pr\u00e9sence du chef d\u2019\u00e9tat-major des arm\u00e9es, le haut commandant de la gendarmerie nationale, des repr\u00e9sentants des missions diplomatiques\u2026 D\u2019autres pr\u00e9sidents tels que Macky &hellip;<\/p>\n","protected":false},"author":1,"featured_media":0,"comment_status":"closed","ping_status":"closed","sticky":false,"template":"","format":"standard","meta":{"footnotes":""},"categories":[2],"tags":[22],"_links":{"self":[{"href":"https:\/\/sn.ambaguinee.org\/index.php?rest_route=\/wp\/v2\/posts\/15481"}],"collection":[{"href":"https:\/\/sn.ambaguinee.org\/index.php?rest_route=\/wp\/v2\/posts"}],"about":[{"href":"https:\/\/sn.ambaguinee.org\/index.php?rest_route=\/wp\/v2\/types\/post"}],"author":[{"embeddable":true,"href":"https:\/\/sn.ambaguinee.org\/index.php?rest_route=\/wp\/v2\/users\/1"}],"replies":[{"embeddable":true,"href":"https:\/\/sn.ambaguinee.org\/index.php?rest_route=%2Fwp%2Fv2%2Fcomments&post=15481"}],"version-history":[{"count":0,"href":"https:\/\/sn.ambaguinee.org\/index.php?rest_route=\/wp\/v2\/posts\/15481\/revisions"}],"wp:attachment":[{"href":"https:\/\/sn.ambaguinee.org\/index.php?rest_route=%2Fwp%2Fv2%2Fmedia&parent=15481"}],"wp:term":[{"taxonomy":"category","embeddable":true,"href":"https:\/\/sn.ambaguinee.org\/index.php?rest_route=%2Fwp%2Fv2%2Fcategories&post=15481"},{"taxonomy":"post_tag","embeddable":true,"href":"https:\/\/sn.ambaguinee.org\/index.php?rest_route=%2Fwp%2Fv2%2Ftags&post=15481"}],"curies":[{"name":"wp","href":"https:\/\/api.w.org\/{rel}","templated":true}]}}