{"id":15483,"date":"2021-09-17T23:04:15","date_gmt":"2021-09-17T21:04:15","guid":{"rendered":"https:\/\/sn.ambaguinee.org\/?p=15483"},"modified":"2021-09-17T23:04:15","modified_gmt":"2021-09-17T21:04:15","slug":"conakry-une-vingtaine-de-jeunes-scandent-des-slogans-contre-la-cedeao","status":"publish","type":"post","link":"https:\/\/sn.ambaguinee.org\/?p=15483","title":{"rendered":"Conakry\/ Une vingtaine de jeunes scandent des slogans contre la CEDEAO"},"content":{"rendered":"<div>\n<p>Se r\u00e9clamant du \u00ab\u00a0collectif des acteurs pour une transition apais\u00e9e et inclusive\u00a0\u00bb, une vingtaine de jeunes ont manifest\u00e9 leur m\u00e9contentement face \u00e0 \u00ab\u00a0l\u2019ing\u00e9rence de la CEDEAO dans la situation guin\u00e9enne\u00a0\u00bb.<\/p>\n<p>Ces jeunes avaient \u00e0 la main, des pancartes sur lesquelles on pouvait lire entre autres, \u00ab\u00a0CEDEAO est une association de chefs d\u2019Etats. A bas. Force au peuple!\u00a0\u00bb ou encore \u00ab\u00a0c\u2019est le peuple de Guin\u00e9e qui d\u00e9cide\u00a0\u00bb.<\/p>\n<p>Ces jeunes ont camp\u00e9 devant l\u2019a\u00e9roport de Conakry, avant de se rendre \u00e0 l\u2019h\u00f4tel Sheraton, o\u00f9 la rencontre entre la junte et la d\u00e9l\u00e9gation des chefs d\u2019\u00e9tats s\u2019est tenue cet apr\u00e8s-midi. Ici, ils ont \u00e9t\u00e9 somm\u00e9s de quitter les lieux par les agents des forces de l\u2019ordre.<\/p>\n<p><strong>Abdou Lory Sylla et Bhoye Barry pour\u00a0<a href=\"http:\/\/guinee7.com\/\" data-saferedirecturl=\"https:\/\/www.google.com\/url?q=http:\/\/guinee7.com&amp;source=gmail&amp;ust=1631974173255000&amp;usg=AFQjCNF0nzwTR0tEMEXcAk1lEmZuzF6CKw\">guinee7.com<\/a>\u00a0<\/strong><\/p>\n<p>L\u2019article <a rel=\"nofollow\" href=\"https:\/\/www.guinee7.com\/conakry-une-vingtaine-de-jeunes-scandent-des-slogans-contre-la-cedeao\/\">Conakry\/ Une vingtaine de jeunes scandent des slogans contre la CEDEAO<\/a> est apparu en premier sur <a rel=\"nofollow\" href=\"https:\/\/www.guinee7.com\/\">Guinee7.com<\/a>.<\/p>\n<\/div>\n","protected":false},"excerpt":{"rendered":"<p>Se r\u00e9clamant du \u00ab\u00a0collectif des acteurs pour une transition apais\u00e9e et inclusive\u00a0\u00bb, une vingtaine de jeunes ont manifest\u00e9 leur m\u00e9contentement face \u00e0 \u00ab\u00a0l\u2019ing\u00e9rence de la CEDEAO dans la situation guin\u00e9enne\u00a0\u00bb. Ces jeunes avaient \u00e0 la main, des pancartes sur lesquelles on pouvait lire entre autres, \u00ab\u00a0CEDEAO est une association de chefs d\u2019Etats. A bas. Force &hellip;<\/p>\n","protected":false},"author":1,"featured_media":0,"comment_status":"closed","ping_status":"closed","sticky":false,"template":"","format":"standard","meta":{"footnotes":""},"categories":[2],"tags":[22],"_links":{"self":[{"href":"https:\/\/sn.ambaguinee.org\/index.php?rest_route=\/wp\/v2\/posts\/15483"}],"collection":[{"href":"https:\/\/sn.ambaguinee.org\/index.php?rest_route=\/wp\/v2\/posts"}],"about":[{"href":"https:\/\/sn.ambaguinee.org\/index.php?rest_route=\/wp\/v2\/types\/post"}],"author":[{"embeddable":true,"href":"https:\/\/sn.ambaguinee.org\/index.php?rest_route=\/wp\/v2\/users\/1"}],"replies":[{"embeddable":true,"href":"https:\/\/sn.ambaguinee.org\/index.php?rest_route=%2Fwp%2Fv2%2Fcomments&post=15483"}],"version-history":[{"count":0,"href":"https:\/\/sn.ambaguinee.org\/index.php?rest_route=\/wp\/v2\/posts\/15483\/revisions"}],"wp:attachment":[{"href":"https:\/\/sn.ambaguinee.org\/index.php?rest_route=%2Fwp%2Fv2%2Fmedia&parent=15483"}],"wp:term":[{"taxonomy":"category","embeddable":true,"href":"https:\/\/sn.ambaguinee.org\/index.php?rest_route=%2Fwp%2Fv2%2Fcategories&post=15483"},{"taxonomy":"post_tag","embeddable":true,"href":"https:\/\/sn.ambaguinee.org\/index.php?rest_route=%2Fwp%2Fv2%2Ftags&post=15483"}],"curies":[{"name":"wp","href":"https:\/\/api.w.org\/{rel}","templated":true}]}}