{"id":15525,"date":"2021-09-18T23:01:27","date_gmt":"2021-09-18T21:01:27","guid":{"rendered":"https:\/\/sn.ambaguinee.org\/?p=15525"},"modified":"2021-09-18T23:01:27","modified_gmt":"2021-09-18T21:01:27","slug":"cellou-dalein-diallo-je-felicite-le-colonel-mamady-doumbouya-pour-le-traitement-humain-et-digne-reserve-a-alpha-conde","status":"publish","type":"post","link":"https:\/\/sn.ambaguinee.org\/?p=15525","title":{"rendered":"Cellou Dalein Diallo : \u00ab Je f\u00e9licite le colonel Mamady Doumbouya pour le traitement humain et digne r\u00e9serv\u00e9 \u00e0 Alpha Cond\u00e9 \u00bb"},"content":{"rendered":"<div>\n<p>A l\u2019occasion de l\u2019Assembl\u00e9e g\u00e9n\u00e9rale virtuelle de l\u2019union des forces d\u00e9mocratiques de Guin\u00e9e (UFDG) t\u00e9nue ce samedi 18 septembre, Cellou Dalein Diallo a saisi l\u2019occasion pour remercier et f\u00e9liciter les militants du parti pour leur combat contre le 3\u00e8me mandat.<br \/>Par ailleurs, le pr\u00e9sident de l\u2019UFDG s\u2019est r\u00e9jouit des actes pos\u00e9s par le colonel Mamady Doumbouya depuis le 5 septembre.<\/p>\n<p>Ci-dessous, l\u2019int\u00e9gralit\u00e9 du discours du pr\u00e9sident de l\u2019UFDG, Cellou Dalein Diallo.<\/p>\n<p>Je remercie et f\u00e9licite les militants et sympathisants du parti pour la constance, la loyaut\u00e9, la dignit\u00e9 et la r\u00e9silience dont ils ont fait preuve dans le combat difficile qui a \u00e9t\u00e9 men\u00e9 contre le troisi\u00e8me mandat et contre le hold-up \u00e9lectoral du 18 octobre 2020.<br \/>En effet, malgr\u00e9 les violences, les tueries, les emprisonnements arbitraires, les intimidations, les tentatives de corruption et de d\u00e9stabilisation du Parti, les exils forc\u00e9s, les privations et les discriminations, vous \u00eates rest\u00e9s unis et d\u00e9termin\u00e9s dans ce combat h\u00e9ro\u00efque contre la dictature.<br \/>Aujourd\u2019hui, gr\u00e2ce \u00e0 ce combat et au sursaut patriotique de notre arm\u00e9e, la dictature est tomb\u00e9e, les prisonniers politiques ont \u00e9t\u00e9 lib\u00e9r\u00e9s, les locaux abritant notre si\u00e8ge et nos bureaux ont \u00e9t\u00e9 restitu\u00e9s, les PA stationn\u00e9s dans nos fiefs ont \u00e9t\u00e9 d\u00e9mantel\u00e9s. Je voudrais r\u00e9it\u00e9rer les f\u00e9licitations de l\u2019UFDG au CNRD et \u00e0 son Pr\u00e9sident le lieutenant-colonel Mamady Doumbouya pour ces actions positives.<br \/>Je voudrais \u00e9galement le f\u00e9liciter pour le traitement humain et digne qui est r\u00e9serv\u00e9 \u00e0 l\u2019ex-pr\u00e9sident Alpha Cond\u00e9. Nous avons toujours dit que nous sommes pour la justice mais contre la violence et la vengeance parce que la vengeance cr\u00e9e de nouvelles injustices qui elles-m\u00eames appellent \u00e0 \u00eatre veng\u00e9es.<br \/>Nous encourageons le lieutenant-colonel Mamady Doumbouya \u00e0 continuer d\u2019\u0153uvrer pour rendre au peuple de Guin\u00e9e son droit de choisir, \u00e0 travers des \u00e9lections inclusives, libres et transparentes, ses dirigeants \u00e0 tous les niveaux (Local, L\u00e9gislatif et Ex\u00e9cutif).<br \/>Pour ce faire, il doit faire confiance \u00e0 la maturit\u00e9 du peuple de Guin\u00e9e et \u00e9viter de c\u00e9der \u00e0 des pressions de groupes qui pr\u00e9tendraient connaitre \u00e0 l\u2019avance le choix de notre peuple.<br \/>Je voudrais rappeler, aux militants, aux sympathisants, aux responsables \u00e0 tous les niveaux, que notre combat n\u2019a jamais \u00e9t\u00e9 dirig\u00e9 contre un homme ou contre un groupe particulier.<br \/>Nous avons combattu les pratiques de la mauvaise gouvernance dont la d\u00e9linquance \u00e9lectorale, la gabegie financi\u00e8re, les violations des droits humains et la violation des principes et des r\u00e8gles de la d\u00e9mocratie et de l\u2019\u00c9tat de droit.<br \/>Je voudrais demander aux communicants de l\u2019UFDG de s\u2019abstenir de toute injure, de tout propos d\u00e9plac\u00e9 contre des compatriotes, m\u00eame lorsque ceux-ci ont des avis ou des positions contraires aux leurs.<br \/>Les militants du RPG sont victimes autant que vous de la mauvaise gouvernance et des agissements du clan regroup\u00e9 autour de Alpha Cond\u00e9 pour piller nos ressources et diviser notre peuple.<br \/>Vous pouvez participer \u00e0 des d\u00e9bats, mais \u00e0 des d\u00e9bats civilis\u00e9s et polis en vous rappelant que la vocation de notre Parti c\u2019est de rassembler tous les Guin\u00e9ens autour des valeurs essentielles.<\/p>\n<p>L\u2019article <a rel=\"nofollow\" href=\"https:\/\/mediaguinee.org\/cellou-dalein-diallo-je-felicite-le-colonel-mamady-doumbouya-pour-le-traitement-humain-et-digne-reserve-a-alpha-conde\/\">Cellou Dalein Diallo : \u00ab Je f\u00e9licite le colonel Mamady Doumbouya pour le traitement humain et digne r\u00e9serv\u00e9 \u00e0 Alpha Cond\u00e9 \u00bb<\/a> est apparu en premier sur <a rel=\"nofollow\" href=\"https:\/\/mediaguinee.org\/\">Mediaguinee.org<\/a>.<\/p>\n<\/div>\n","protected":false},"excerpt":{"rendered":"<p>A l\u2019occasion de l\u2019Assembl\u00e9e g\u00e9n\u00e9rale virtuelle de l\u2019union des forces d\u00e9mocratiques de Guin\u00e9e (UFDG) t\u00e9nue ce samedi 18 septembre, Cellou Dalein Diallo a saisi l\u2019occasion pour remercier et f\u00e9liciter les militants du parti pour leur combat contre le 3\u00e8me mandat.Par ailleurs, le pr\u00e9sident de l\u2019UFDG s\u2019est r\u00e9jouit des actes pos\u00e9s par le colonel Mamady Doumbouya &hellip;<\/p>\n","protected":false},"author":1,"featured_media":0,"comment_status":"closed","ping_status":"closed","sticky":false,"template":"","format":"standard","meta":{"footnotes":""},"categories":[2],"tags":[23],"_links":{"self":[{"href":"https:\/\/sn.ambaguinee.org\/index.php?rest_route=\/wp\/v2\/posts\/15525"}],"collection":[{"href":"https:\/\/sn.ambaguinee.org\/index.php?rest_route=\/wp\/v2\/posts"}],"about":[{"href":"https:\/\/sn.ambaguinee.org\/index.php?rest_route=\/wp\/v2\/types\/post"}],"author":[{"embeddable":true,"href":"https:\/\/sn.ambaguinee.org\/index.php?rest_route=\/wp\/v2\/users\/1"}],"replies":[{"embeddable":true,"href":"https:\/\/sn.ambaguinee.org\/index.php?rest_route=%2Fwp%2Fv2%2Fcomments&post=15525"}],"version-history":[{"count":0,"href":"https:\/\/sn.ambaguinee.org\/index.php?rest_route=\/wp\/v2\/posts\/15525\/revisions"}],"wp:attachment":[{"href":"https:\/\/sn.ambaguinee.org\/index.php?rest_route=%2Fwp%2Fv2%2Fmedia&parent=15525"}],"wp:term":[{"taxonomy":"category","embeddable":true,"href":"https:\/\/sn.ambaguinee.org\/index.php?rest_route=%2Fwp%2Fv2%2Fcategories&post=15525"},{"taxonomy":"post_tag","embeddable":true,"href":"https:\/\/sn.ambaguinee.org\/index.php?rest_route=%2Fwp%2Fv2%2Ftags&post=15525"}],"curies":[{"name":"wp","href":"https:\/\/api.w.org\/{rel}","templated":true}]}}