{"id":15570,"date":"2021-09-19T23:01:26","date_gmt":"2021-09-19T21:01:26","guid":{"rendered":"https:\/\/sn.ambaguinee.org\/?p=15570"},"modified":"2021-09-19T23:01:26","modified_gmt":"2021-09-19T21:01:26","slug":"transition-politique-et-culturelle-lheure-est-a-lunion-et-aux-propositions-fortes","status":"publish","type":"post","link":"https:\/\/sn.ambaguinee.org\/?p=15570","title":{"rendered":"Transition politique et culturelle : L\u2019heure est \u00e0 l\u2019union et aux propositions fortes !"},"content":{"rendered":"<div>\n<p>Dans un communiqu\u00e9 lu sur les ondes de la t\u00e9l\u00e9vision nationale, le vendredi 17 septembre, le Comit\u00e9 National de Rassemblement et du D\u00e9veloppement a convi\u00e9 les acteurs culturels \u00e0 une r\u00e9union inclusive.<\/p>\n<p>Cette invitation qui aura lieu le lundi 20 septembre de 12h \u00e0 14h, au palais du peuple de Conakry, s\u2019inscrit dans le cadre de la poursuite des concertations nationales d\u00e9clench\u00e9es entre les nouvelles autorit\u00e9s guin\u00e9ennes et les forces vives de la nation.<\/p>\n<p>Une opportunit\u00e9 pour un secteur qui, depuis 2010, a toujours \u00e9t\u00e9 quasiment omis dans les diff\u00e9rentes politiques g\u00e9n\u00e9rales pr\u00e9sent\u00e9es par les trois premiers ministres, Mohamed Sa\u00efd Fofana, Mamady Youla et Ibrahima Kassory Fofana, du d\u00e9funt r\u00e9gime.<\/p>\n<p>La transition va-t-elle donner un nouveau souffle \u00e0 la culture?<\/p>\n<p>A l\u2019heure o\u00f9 la culture guin\u00e9enne et ses acteurs agonisaient depuis deux ans, pour des raisons politiques camoufl\u00e9es derri\u00e8re une raison sanitaire, aucune activit\u00e9 artistique ne s\u2019est tenue en Guin\u00e9e, voil\u00e0 que le processus de transition vient allumer la flamme de l\u2019espoir.<\/p>\n<p>Pour cette nouvelle page de l\u2019histoire de la Guin\u00e9e, il est opportun pour les acteurs culturels de mettre fin \u00e0 la guerre des \u00e9gos et aussi, de faire taire le conflit de leadership et l\u2019\u00e9go\u00efsme qui minent le secteur. Evitez de mener un combat commun mais \u00e0 rang dispers\u00e9 car cela risque de faire capoter le r\u00eave d\u2019une culture guin\u00e9enne au service du d\u00e9veloppement \u00e9conomique de sa nation.<\/p>\n<p>L\u2019heure est \u00e0 l\u2019union des id\u00e9es, des comp\u00e9tences, des strat\u00e9gies et surtout, il est l\u2019heure de proposer \u00e0 la nouvelle \u00e9quipe au pouvoir, un programme de d\u00e9veloppement culturel qui fera comprendre que la culture et les arts sont des vecteurs de d\u00e9veloppement \u00e9conomique et de promotion de la destination Guin\u00e9e. Prendre la culture pour du divertissement et comme un facteur de consolidation de la paix est r\u00e9volue, donnez de la place et de la force \u00e0 une culture qui renfloue les caisses de l\u2019Etat. Ce qui revient \u00e0 dire de fa\u00e7on lucide aux d\u00e9cideurs, que la culture au m\u00eame titre que les mines voire m\u00eame plus, peut contribuer au PIB (produit int\u00e9rieur brut) si la volont\u00e9 politique et un bon management de ses ressources sont mis en mouvement.<\/p>\n<p>Evitez les erreurs du pass\u00e9!<\/p>\n<p>\u00ab La folie, c\u2019est de faire toujours la m\u00eame chose et de s\u2019attendre \u00e0 un r\u00e9sultat diff\u00e9rent \u00bb, nous enseigne Albert Einstein.<br \/>\nLes nouvelles autorit\u00e9s, le CNRD, veulent \u00e9couter les acteurs culturels pour mesurer les difficult\u00e9s mais aussi, pour savoir quelles solutions envisager pour sortir la culture de sa l\u00e9thargie. Sur ce, il est judicieux d\u2019avancer pour un d\u00e9part, le pion de la reprise des activit\u00e9s culturelles car depuis deux ans, des familles tirent le diable par la queue, des jeunes sont au ch\u00f4mage, certains op\u00e9rateurs culturels sont emb\u00eat\u00e9s par les cr\u00e9anciers et le plus regrettable, l\u2019acteur culturel guin\u00e9en a \u00e9t\u00e9 r\u00e9duit \u00e0 sa plus petite expression car une forme de mendicit\u00e9 avait pris le dessus sur l\u2019expression de la valeur artistique et intellectuelle.<\/p>\n<p>N\u2019est-il pas mieux, pour l\u2019heure, de faire des propositions concr\u00e8tes allant dans le sens de la cr\u00e9ation et du fonctionnement d\u2019UNE V\u00c9RITABLE INDUSTRIE CULTURELLE FORTE, que de r\u00e9clamer le remboursement des investissements pour les concerts et \u00e9v\u00e9nements impact\u00e9s en raison de la Covid-19?<\/p>\n<p>L\u2019heure est \u00e0 l\u2019union et aux propositions fortes afin de tailler sur mesure, une politique culturelle r\u00e9pondant aux aspirations du secteur culturel et aux tendances du march\u00e9 mondial des arts.<br \/>\nSachez que nous sommes dans une phase de transition et non dans celle d\u2019une gouvernance effective.<\/p>\n<p>Proposez ce qui peut sauver les futurs investissements du secteur culturel et sauver par la m\u00eame occasion, la culture et les arts de la R\u00e9publique de Guin\u00e9e du mal qui le gangr\u00e8ne depuis 1984.<\/p>\n<p>Alpha Camara (Le s\u00e9rum)<\/p>\n<p>L\u2019article <a rel=\"nofollow\" href=\"https:\/\/www.guinee7.com\/transition-politique-et-culturelle-lheure-est-a-lunion-et-aux-propositions-fortes\/\">Transition politique et culturelle : L\u2019heure est \u00e0 l\u2019union et aux propositions fortes !<\/a> est apparu en premier sur <a rel=\"nofollow\" href=\"https:\/\/www.guinee7.com\/\">Guinee7.com<\/a>.<\/p>\n<\/div>\n","protected":false},"excerpt":{"rendered":"<p>Dans un communiqu\u00e9 lu sur les ondes de la t\u00e9l\u00e9vision nationale, le vendredi 17 septembre, le Comit\u00e9 National de Rassemblement et du D\u00e9veloppement a convi\u00e9 les acteurs culturels \u00e0 une r\u00e9union inclusive. Cette invitation qui aura lieu le lundi 20 septembre de 12h \u00e0 14h, au palais du peuple de Conakry, s\u2019inscrit dans le cadre &hellip;<\/p>\n","protected":false},"author":1,"featured_media":0,"comment_status":"closed","ping_status":"closed","sticky":false,"template":"","format":"standard","meta":{"footnotes":""},"categories":[2],"tags":[22],"_links":{"self":[{"href":"https:\/\/sn.ambaguinee.org\/index.php?rest_route=\/wp\/v2\/posts\/15570"}],"collection":[{"href":"https:\/\/sn.ambaguinee.org\/index.php?rest_route=\/wp\/v2\/posts"}],"about":[{"href":"https:\/\/sn.ambaguinee.org\/index.php?rest_route=\/wp\/v2\/types\/post"}],"author":[{"embeddable":true,"href":"https:\/\/sn.ambaguinee.org\/index.php?rest_route=\/wp\/v2\/users\/1"}],"replies":[{"embeddable":true,"href":"https:\/\/sn.ambaguinee.org\/index.php?rest_route=%2Fwp%2Fv2%2Fcomments&post=15570"}],"version-history":[{"count":0,"href":"https:\/\/sn.ambaguinee.org\/index.php?rest_route=\/wp\/v2\/posts\/15570\/revisions"}],"wp:attachment":[{"href":"https:\/\/sn.ambaguinee.org\/index.php?rest_route=%2Fwp%2Fv2%2Fmedia&parent=15570"}],"wp:term":[{"taxonomy":"category","embeddable":true,"href":"https:\/\/sn.ambaguinee.org\/index.php?rest_route=%2Fwp%2Fv2%2Fcategories&post=15570"},{"taxonomy":"post_tag","embeddable":true,"href":"https:\/\/sn.ambaguinee.org\/index.php?rest_route=%2Fwp%2Fv2%2Ftags&post=15570"}],"curies":[{"name":"wp","href":"https:\/\/api.w.org\/{rel}","templated":true}]}}