{"id":15621,"date":"2021-09-20T23:08:43","date_gmt":"2021-09-20T21:08:43","guid":{"rendered":"https:\/\/sn.ambaguinee.org\/?p=15621"},"modified":"2021-09-20T23:08:43","modified_gmt":"2021-09-20T21:08:43","slug":"consultations-nationales-le-chef-de-letat-a-sollicite-a-ce-quun-cadre-de-concertation-soit-trouve-malick-kebe","status":"publish","type":"post","link":"https:\/\/sn.ambaguinee.org\/?p=15621","title":{"rendered":"Consultations nationales : \u2018\u2019le chef de l\u2019Etat a sollicit\u00e9 \u00e0 ce qu\u2019un cadre de concertation soit trouv\u00e9\u2019\u2019 (Malick K\u00e9b\u00e9)"},"content":{"rendered":"<div>\n<p>Dans le cadre des consultations nationales, les promoteurs culturels ont \u00e9t\u00e9 re\u00e7us par le pr\u00e9sident du CNRD, le colonel Mamady Doumbouya, ce lundi \u00e0 l\u2019h\u00e9micycle du palais du peuple. A cet effet, une mise en place d\u2019un cadre de concertation\u00a0 pour\u00a0 permettre aux hommes de culture de r\u00e9fl\u00e9chir ensemble\u00a0 et de parler d\u2019une m\u00eame voix\u00a0 des probl\u00e8mes culturels, a \u00e9t\u00e9 sollicit\u00e9e par l\u2019actuel homme fort du pays, selon le\u00a0directeur g\u00e9n\u00e9ral du Fonds de d\u00e9veloppement des Arts et de la Culture, ( FODAC), Malick K\u00e9b\u00e9.<\/p>\n<p><em>\u00ab\u00a0La rencontre a \u00e9t\u00e9 tr\u00e8s instructive et a permis \u00e0 chacun d\u2019exprimer ses pr\u00e9occupations et donner des pistes de solution pour que la culture guin\u00e9enne sorte de l\u2019orni\u00e8re. Le chef de l\u2019\u00c9tat, apr\u00e8s son discours, a sollicit\u00e9 \u00e0 ce qu\u2019un cadre de concertation soit trouv\u00e9, afin que nous puissions parler d\u2019une m\u00eame voix pour que la culture guin\u00e9enne puisse d\u00e9coller.\u00a0 Nous sommes tr\u00e8s heureux de cette rencontre, parce que nous croyons \u00e0 la suite de ces concertations, le m\u00e9morandum qui va \u00eatre rendu, les autorit\u00e9s comp\u00e9tentes prendront les mesures n\u00e9cessaires\u00a0\u00bb, <\/em>Malick Keb\u00e9, directeur g\u00e9n\u00e9ral du Fonds de d\u00e9veloppement des Arts et de la Culture (FODAC).<\/p>\n<p>Elisa Camara\u00a0<\/p>\n<p>+224654957322<\/p>\n<p>L\u2019article <a rel=\"nofollow\" href=\"https:\/\/mediaguinee.org\/consultations-nationales-le-chef-de-letat-a-sollicite-a-ce-quun-cadre-de-concertation-soit-trouve-malick-kebe\/\">Consultations nationales : \u2018\u2019le chef de l\u2019Etat a sollicit\u00e9 \u00e0 ce qu\u2019un cadre de concertation soit trouv\u00e9\u2019\u2019 (Malick K\u00e9b\u00e9)<\/a> est apparu en premier sur <a rel=\"nofollow\" href=\"https:\/\/mediaguinee.org\/\">Mediaguinee.org<\/a>.<\/p>\n<\/div>\n","protected":false},"excerpt":{"rendered":"<p>Dans le cadre des consultations nationales, les promoteurs culturels ont \u00e9t\u00e9 re\u00e7us par le pr\u00e9sident du CNRD, le colonel Mamady Doumbouya, ce lundi \u00e0 l\u2019h\u00e9micycle du palais du peuple. A cet effet, une mise en place d\u2019un cadre de concertation\u00a0 pour\u00a0 permettre aux hommes de culture de r\u00e9fl\u00e9chir ensemble\u00a0 et de parler d\u2019une m\u00eame voix\u00a0 &hellip;<\/p>\n","protected":false},"author":1,"featured_media":0,"comment_status":"closed","ping_status":"closed","sticky":false,"template":"","format":"standard","meta":{"footnotes":""},"categories":[2],"tags":[23],"_links":{"self":[{"href":"https:\/\/sn.ambaguinee.org\/index.php?rest_route=\/wp\/v2\/posts\/15621"}],"collection":[{"href":"https:\/\/sn.ambaguinee.org\/index.php?rest_route=\/wp\/v2\/posts"}],"about":[{"href":"https:\/\/sn.ambaguinee.org\/index.php?rest_route=\/wp\/v2\/types\/post"}],"author":[{"embeddable":true,"href":"https:\/\/sn.ambaguinee.org\/index.php?rest_route=\/wp\/v2\/users\/1"}],"replies":[{"embeddable":true,"href":"https:\/\/sn.ambaguinee.org\/index.php?rest_route=%2Fwp%2Fv2%2Fcomments&post=15621"}],"version-history":[{"count":0,"href":"https:\/\/sn.ambaguinee.org\/index.php?rest_route=\/wp\/v2\/posts\/15621\/revisions"}],"wp:attachment":[{"href":"https:\/\/sn.ambaguinee.org\/index.php?rest_route=%2Fwp%2Fv2%2Fmedia&parent=15621"}],"wp:term":[{"taxonomy":"category","embeddable":true,"href":"https:\/\/sn.ambaguinee.org\/index.php?rest_route=%2Fwp%2Fv2%2Fcategories&post=15621"},{"taxonomy":"post_tag","embeddable":true,"href":"https:\/\/sn.ambaguinee.org\/index.php?rest_route=%2Fwp%2Fv2%2Ftags&post=15621"}],"curies":[{"name":"wp","href":"https:\/\/api.w.org\/{rel}","templated":true}]}}