{"id":15686,"date":"2021-09-21T23:02:39","date_gmt":"2021-09-21T21:02:39","guid":{"rendered":"https:\/\/sn.ambaguinee.org\/?p=15686"},"modified":"2021-09-21T23:02:39","modified_gmt":"2021-09-21T21:02:39","slug":"renouvellement-de-la-classe-politique-si-le-critere-cest-lage-on-nest-pas-sorti-des-problemes-mamadou-baadiko","status":"publish","type":"post","link":"https:\/\/sn.ambaguinee.org\/?p=15686","title":{"rendered":"Renouvellement de la classe politique : \u2018\u2019si le crit\u00e8re, c\u2019est l\u2019\u00e2ge, on n\u2019est pas sorti des probl\u00e8mes\u2019\u2019 (Mamadou Baadiko)"},"content":{"rendered":"<div>\n<p>Invit\u00e9 ce mardi 21 septembre 2021 dans l\u2019\u00e9mission \u201cMirador\u2019\u2019 de FIM FM\u201d, Mamadou Baadiko Bah, pr\u00e9sident de l\u2019UFD,\u00a0 s\u2019est exprim\u00e9 sur plusieurs sujets d\u2019int\u00e9r\u00eat national, dont le renouvellement de la classe politique sugg\u00e9r\u00e9 par le cardinal Robert Sarah au CNRD.<\/p>\n<p>Pour le d\u00e9sormais\u00a0 ex-d\u00e9put\u00e9 de la 9<sup>\u00e8me<\/sup> l\u00e9gislature, le poids politique en Guin\u00e9e n\u2019est pas une question d\u2019\u00e2ge.\u00a0 Il ajoute que la nouvelle classe politique est fabriqu\u00e9e par le syst\u00e8me des corrompus.\u00a0<\/p>\n<p><em>\u00ab\u00a0Chacun prend la responsabilit\u00e9 de\u00a0 ses paroles.\u00a0 Le poids politique, ce n\u2019est pas un probl\u00e8me d\u2019\u00e2ge.\u00a0 Je dis que si le crit\u00e8re, c\u2019est l\u2019\u00e2ge, on n\u2019est pas sorti des probl\u00e8mes, parce que la nouvelle classe politique a \u00e9t\u00e9 fabriqu\u00e9e par le syst\u00e8me corrompu pr\u00e9dateur que nous avons connu depuis 1958. Donc dire qu\u2019il faut nettoyer \u00e7a et sortir du n\u00e9ant des hommes neufs ou des femmes neuves, ce n\u2019est\u00a0 pas juste, puisqu\u2019il faut partir des principes. Nous connaissons l\u2019ar\u00e8ne politique, o\u00f9 c\u2019est le plus grand hurleur, le plus grand insulteur public, celui qui a le plus d\u2019entregent, celui qui sait plus faire les couloirs et faire jouer les influences des personnes, qui va triompher \u00bb,<\/em> a martel\u00e9 le pr\u00e9sident de l\u2019UFD.\u00a0<\/p>\n<p>Poursuivant, Mamadou Baadiko Bah dira qu\u2019il faut mettre de v\u00e9ritables crit\u00e8res objectifs pour qu\u2019on sache ce que chacun peut faire, de quoi il vit, quels sont les \u00e9tats des services, tout en titillant l\u2019ex-pr\u00e9sident Alpha Cond\u00e9.<\/p>\n<p><em>\u00ab Il faut mettre de v\u00e9ritables crit\u00e8res objectifs, pour qu\u2019on sache d\u2019abord ce que chacun peut faire en dehors des bavardages dans les r\u00e9seaux sociaux.\u00a0 Quels sont les \u00e9tats des services? Il fait la politique tr\u00e8s bien mais il vit de quoi. On ne va pas revenir sur l\u2019ex-pr\u00e9sident Alpha Cond\u00e9. Mais ce monsieur, en dehors de 2 ans o\u00f9 il a \u00e9t\u00e9 assistant d\u2019un professeur de droit \u00e0 l\u2019universit\u00e9, je ne l\u2019ai jamais entendu dire je vais au travail. Quelqu\u2019un qui n\u2019a jamais \u00e9difi\u00e9 un mur.\u00a0Alpha Cond\u00e9 \u00e9tait un d\u00e9marcheur. Il faut dire les mots comme il faut.\u00a0 Et un d\u00e9marcheur est un travailleur libre. Je vous dis qu\u2019il a \u00e9t\u00e9 expuls\u00e9 du Cameroun \u2026 parce que qu\u2019il \u00e9tait soup\u00e7onn\u00e9 de pratiques de corruption. Je dis qu\u2019il n\u2019a jamais travaill\u00e9 apr\u00e8s les 2 ans. Et il n\u2019y a qu\u2019en Guin\u00e9e qu\u2019on peut avoir un pr\u00e9sident comme \u00e7a. Seuls l\u2019ethnocentrisme ambiant et la corruption ambiante qui peuvent permettre \u00e0 des \u00e9l\u00e9ments comme \u00e7a\u00a0 d\u2019acc\u00e9der \u00e0 la magistrature supr\u00eame \u00bb,<\/em> a-t-il ajout\u00e9.\u00a0<\/p>\n<p>Comme on le voit donc, si certains aspirent au renouvellement\u00a0 de la classe politique, d\u2019autres par contre pensent d\u2019abord au gouvernement de Mamady Doumbouya, pr\u00e9sident du CNRD, et \u00e0 la dur\u00e9e de la transition.\u00a0<\/p>\n<p><strong>Christine Finda Kamano\u00a0<\/strong><\/p>\n<p>L\u2019article <a rel=\"nofollow\" href=\"https:\/\/mediaguinee.org\/renouvellement-de-la-classe-politique-si-le-critere-cest-lage-on-nest-pas-sorti-des-problemes-mamadou-baadiko\/\">Renouvellement de la classe politique : \u2018\u2019si le crit\u00e8re, c\u2019est l\u2019\u00e2ge, on n\u2019est pas sorti des probl\u00e8mes\u2019\u2019 (Mamadou Baadiko)<\/a> est apparu en premier sur <a rel=\"nofollow\" href=\"https:\/\/mediaguinee.org\/\">Mediaguinee.org<\/a>.<\/p>\n<\/div>\n","protected":false},"excerpt":{"rendered":"<p>Invit\u00e9 ce mardi 21 septembre 2021 dans l\u2019\u00e9mission \u201cMirador\u2019\u2019 de FIM FM\u201d, Mamadou Baadiko Bah, pr\u00e9sident de l\u2019UFD,\u00a0 s\u2019est exprim\u00e9 sur plusieurs sujets d\u2019int\u00e9r\u00eat national, dont le renouvellement de la classe politique sugg\u00e9r\u00e9 par le cardinal Robert Sarah au CNRD. Pour le d\u00e9sormais\u00a0 ex-d\u00e9put\u00e9 de la 9\u00e8me l\u00e9gislature, le poids politique en Guin\u00e9e n\u2019est pas &hellip;<\/p>\n","protected":false},"author":1,"featured_media":0,"comment_status":"closed","ping_status":"closed","sticky":false,"template":"","format":"standard","meta":{"footnotes":""},"categories":[2],"tags":[23],"_links":{"self":[{"href":"https:\/\/sn.ambaguinee.org\/index.php?rest_route=\/wp\/v2\/posts\/15686"}],"collection":[{"href":"https:\/\/sn.ambaguinee.org\/index.php?rest_route=\/wp\/v2\/posts"}],"about":[{"href":"https:\/\/sn.ambaguinee.org\/index.php?rest_route=\/wp\/v2\/types\/post"}],"author":[{"embeddable":true,"href":"https:\/\/sn.ambaguinee.org\/index.php?rest_route=\/wp\/v2\/users\/1"}],"replies":[{"embeddable":true,"href":"https:\/\/sn.ambaguinee.org\/index.php?rest_route=%2Fwp%2Fv2%2Fcomments&post=15686"}],"version-history":[{"count":0,"href":"https:\/\/sn.ambaguinee.org\/index.php?rest_route=\/wp\/v2\/posts\/15686\/revisions"}],"wp:attachment":[{"href":"https:\/\/sn.ambaguinee.org\/index.php?rest_route=%2Fwp%2Fv2%2Fmedia&parent=15686"}],"wp:term":[{"taxonomy":"category","embeddable":true,"href":"https:\/\/sn.ambaguinee.org\/index.php?rest_route=%2Fwp%2Fv2%2Fcategories&post=15686"},{"taxonomy":"post_tag","embeddable":true,"href":"https:\/\/sn.ambaguinee.org\/index.php?rest_route=%2Fwp%2Fv2%2Ftags&post=15686"}],"curies":[{"name":"wp","href":"https:\/\/api.w.org\/{rel}","templated":true}]}}