{"id":16317,"date":"2021-10-06T23:02:01","date_gmt":"2021-10-06T21:02:01","guid":{"rendered":"https:\/\/sn.ambaguinee.org\/?p=16317"},"modified":"2021-10-06T23:02:01","modified_gmt":"2021-10-06T21:02:01","slug":"le-passeport-de-dalein-lui-a-ete-restitue","status":"publish","type":"post","link":"https:\/\/sn.ambaguinee.org\/?p=16317","title":{"rendered":"Le passeport de Dalein lui a \u00e9t\u00e9 restitu\u00e9"},"content":{"rendered":"<div>\n<p>D\u2019apr\u00e8s des informations v\u00e9rifi\u00e9es aupr\u00e8s de l\u2019un de ses avocats, Me Salifou Beavogui, le pr\u00e9sident de l\u2019UFDG est rentr\u00e9 en possession de son passeport lundi dernier par voie d\u2019huissier.<\/p>\n<p><strong><em>Lire aussi:<\/em> <em><a href=\"https:\/\/www.guinee7.com\/mais-pourquoi-humilier-cellou-dalein\/\">Mais pourquoi humilier Cellou Dalein ?<\/a><\/em><\/strong><\/p>\n<p>Pour rappel, il y a plusieurs mois que ce passeport avait \u00e9t\u00e9 confisqu\u00e9 \u00e0 l\u2019a\u00e9roport de Conakry, alors que Cellou se rendait aux obs\u00e8ques de l\u2019ancien premier ministre ivoirien, Hamed Bakayoko.<\/p>\n<p>Cette restitution a \u00e9t\u00e9 rendue possible gr\u00e2ce aux nouvelles autorit\u00e9s.<\/p>\n<p><strong>Abdou Lory Sylla pour\u00a0<a href=\"http:\/\/guinee7.com\/\" data-saferedirecturl=\"https:\/\/www.google.com\/url?q=http:\/\/guinee7.com&amp;source=gmail&amp;ust=1633619892554000&amp;usg=AFQjCNGasi5Qt2S_ZsuqpM0BYD97wDa_rA\">guinee7.com<\/a>\u00a0<\/strong><\/p>\n<p>L\u2019article <a rel=\"nofollow\" href=\"https:\/\/www.guinee7.com\/le-passeport-de-dalein-lui-a-ete-restitue\/\">Le passeport de Dalein lui a \u00e9t\u00e9 restitu\u00e9<\/a> est apparu en premier sur <a rel=\"nofollow\" href=\"https:\/\/www.guinee7.com\/\">Guinee7.com<\/a>.<\/p>\n<\/div>\n","protected":false},"excerpt":{"rendered":"<p>D\u2019apr\u00e8s des informations v\u00e9rifi\u00e9es aupr\u00e8s de l\u2019un de ses avocats, Me Salifou Beavogui, le pr\u00e9sident de l\u2019UFDG est rentr\u00e9 en possession de son passeport lundi dernier par voie d\u2019huissier. Lire aussi: Mais pourquoi humilier Cellou Dalein ? Pour rappel, il y a plusieurs mois que ce passeport avait \u00e9t\u00e9 confisqu\u00e9 \u00e0 l\u2019a\u00e9roport de Conakry, alors &hellip;<\/p>\n","protected":false},"author":1,"featured_media":0,"comment_status":"closed","ping_status":"closed","sticky":false,"template":"","format":"standard","meta":{"footnotes":""},"categories":[2],"tags":[22],"_links":{"self":[{"href":"https:\/\/sn.ambaguinee.org\/index.php?rest_route=\/wp\/v2\/posts\/16317"}],"collection":[{"href":"https:\/\/sn.ambaguinee.org\/index.php?rest_route=\/wp\/v2\/posts"}],"about":[{"href":"https:\/\/sn.ambaguinee.org\/index.php?rest_route=\/wp\/v2\/types\/post"}],"author":[{"embeddable":true,"href":"https:\/\/sn.ambaguinee.org\/index.php?rest_route=\/wp\/v2\/users\/1"}],"replies":[{"embeddable":true,"href":"https:\/\/sn.ambaguinee.org\/index.php?rest_route=%2Fwp%2Fv2%2Fcomments&post=16317"}],"version-history":[{"count":0,"href":"https:\/\/sn.ambaguinee.org\/index.php?rest_route=\/wp\/v2\/posts\/16317\/revisions"}],"wp:attachment":[{"href":"https:\/\/sn.ambaguinee.org\/index.php?rest_route=%2Fwp%2Fv2%2Fmedia&parent=16317"}],"wp:term":[{"taxonomy":"category","embeddable":true,"href":"https:\/\/sn.ambaguinee.org\/index.php?rest_route=%2Fwp%2Fv2%2Fcategories&post=16317"},{"taxonomy":"post_tag","embeddable":true,"href":"https:\/\/sn.ambaguinee.org\/index.php?rest_route=%2Fwp%2Fv2%2Ftags&post=16317"}],"curies":[{"name":"wp","href":"https:\/\/api.w.org\/{rel}","templated":true}]}}