{"id":21534,"date":"2022-01-17T23:01:24","date_gmt":"2022-01-17T22:01:24","guid":{"rendered":"https:\/\/sn.ambaguinee.org\/?p=21534"},"modified":"2022-01-17T23:01:24","modified_gmt":"2022-01-17T22:01:24","slug":"urgent-alpha-conde-a-quitte-conakry","status":"publish","type":"post","link":"https:\/\/sn.ambaguinee.org\/?p=21534","title":{"rendered":"Urgent. Alpha Cond\u00e9 a quitt\u00e9 Conakry"},"content":{"rendered":"<div>\n<p style=\"background: white;\"><span style=\"font-size: 18.0pt; font-family: 'Arial',sans-serif; color: #333333;\">Selon Mediaguinee, Alpha Cond\u00e9, arr\u00eat\u00e9 le 5 septembre dernier par le groupement des forces sp\u00e9ciales (GFS) dirig\u00e9 par le colonel Mamadi Doumbouya, a quitt\u00e9 Conakry ce lundi, 17 janvier en d\u00e9but d\u2019apr\u00e8s-midi pour Abu Dhabi (\u00c9mirats arabes unis), via Le Caire.<\/span><\/p>\n<p style=\"background: white;\"><span style=\"font-size: 18.0pt; font-family: 'Arial',sans-serif; color: #333333;\">Ce matin, les journalistes partis couvrir l\u2019arriv\u00e9e de la d\u00e9l\u00e9gation malienne \u00e0 l\u2019a\u00e9roport de Conakry, ont \u00e9t\u00e9 sortis manu militari. <\/span><\/p>\n<p style=\"background: white;\"><strong><span style=\"font-size: 18.0pt; font-family: 'Arial',sans-serif; color: #333333;\">Focus de guinee7.com<\/span><\/strong><\/p>\n<p>L\u2019article <a rel=\"nofollow\" href=\"https:\/\/www.guinee7.com\/urgent-alpha-conde-a-quitte-conakry\/\">Urgent. Alpha Cond\u00e9 a quitt\u00e9 Conakry<\/a> est apparu en premier sur <a rel=\"nofollow\" href=\"https:\/\/www.guinee7.com\/\">Guinee7.com<\/a>.<\/p>\n<\/div>\n","protected":false},"excerpt":{"rendered":"<p>Selon Mediaguinee, Alpha Cond\u00e9, arr\u00eat\u00e9 le 5 septembre dernier par le groupement des forces sp\u00e9ciales (GFS) dirig\u00e9 par le colonel Mamadi Doumbouya, a quitt\u00e9 Conakry ce lundi, 17 janvier en d\u00e9but d\u2019apr\u00e8s-midi pour Abu Dhabi (\u00c9mirats arabes unis), via Le Caire. Ce matin, les journalistes partis couvrir l\u2019arriv\u00e9e de la d\u00e9l\u00e9gation malienne \u00e0 l\u2019a\u00e9roport de &hellip;<\/p>\n","protected":false},"author":1,"featured_media":0,"comment_status":"closed","ping_status":"closed","sticky":false,"template":"","format":"standard","meta":{"footnotes":""},"categories":[2],"tags":[22],"_links":{"self":[{"href":"https:\/\/sn.ambaguinee.org\/index.php?rest_route=\/wp\/v2\/posts\/21534"}],"collection":[{"href":"https:\/\/sn.ambaguinee.org\/index.php?rest_route=\/wp\/v2\/posts"}],"about":[{"href":"https:\/\/sn.ambaguinee.org\/index.php?rest_route=\/wp\/v2\/types\/post"}],"author":[{"embeddable":true,"href":"https:\/\/sn.ambaguinee.org\/index.php?rest_route=\/wp\/v2\/users\/1"}],"replies":[{"embeddable":true,"href":"https:\/\/sn.ambaguinee.org\/index.php?rest_route=%2Fwp%2Fv2%2Fcomments&post=21534"}],"version-history":[{"count":0,"href":"https:\/\/sn.ambaguinee.org\/index.php?rest_route=\/wp\/v2\/posts\/21534\/revisions"}],"wp:attachment":[{"href":"https:\/\/sn.ambaguinee.org\/index.php?rest_route=%2Fwp%2Fv2%2Fmedia&parent=21534"}],"wp:term":[{"taxonomy":"category","embeddable":true,"href":"https:\/\/sn.ambaguinee.org\/index.php?rest_route=%2Fwp%2Fv2%2Fcategories&post=21534"},{"taxonomy":"post_tag","embeddable":true,"href":"https:\/\/sn.ambaguinee.org\/index.php?rest_route=%2Fwp%2Fv2%2Ftags&post=21534"}],"curies":[{"name":"wp","href":"https:\/\/api.w.org\/{rel}","templated":true}]}}