{"id":25033,"date":"2022-03-04T23:00:32","date_gmt":"2022-03-04T22:00:32","guid":{"rendered":"https:\/\/sn.ambaguinee.org\/?p=25033"},"modified":"2022-03-04T23:00:32","modified_gmt":"2022-03-04T22:00:32","slug":"tous-les-staffs-du-syli-dissouts-le-conor-annonce-un-appel-a-candidature-pour-le-recrutement-du-futur-selectionneur","status":"publish","type":"post","link":"https:\/\/sn.ambaguinee.org\/?p=25033","title":{"rendered":"Tous les staffs du Syli dissouts, le CONOR annonce un appel \u00e0 candidature pour le recrutement du futur s\u00e9lectionneur"},"content":{"rendered":"<div>\n<p><strong>Conakry- Dans un communiqu\u00e9 rendu public ce vendredi, le Comit\u00e9 de Normalisation de la f\u00e9d\u00e9ration guin\u00e9enne de Football annonce la dissolution de tous les staffs techniques de toutes les \u00e9quipes nationales de Guin\u00e9e<\/strong>. <\/p>\n<p>Dans ladite d\u00e9cision, le CONOR qui fait office de F\u00e9d\u00e9ration Guin\u00e9enne de Football n\u2019\u00e9pargne pas le Syli A, a quelques jours de la journ\u00e9e FIFA. Le communiqu\u00e9 pr\u00e9cise qu\u2019un appel \u00e0 candidature pour le recrutement d\u2019un nouveau s\u00e9lectionneur du Syli sera bient\u00f4t lanc\u00e9. <\/p>\n<p>Ce qui veut dire que Kaba Diawara ne conduira pas l\u2019\u00e9quipe lors de la prochaine tr\u00eave internationale.<\/p>\n<p><strong>VOICI LEDIT COMMUNIQU\u00c9 <\/strong>:<\/p>\n<figure class=\"wp-block-image size-full\"><img width=\"720\" height=\"963\"src=\"https:\/\/sn.ambaguinee.org\/wp-content\/uploads\/2022\/03\/IMG-20220304-WA0004.jpg\" alt=\"\" class=\"wp-image-39576\" srcset=\"https:\/\/sn.ambaguinee.org\/wp-content\/uploads\/2022\/03\/IMG-20220304-WA0004.jpg 720w, https:\/\/guineefootbucket.s3.eu-west-1.amazonaws.com\/wp-content\/uploads\/2022\/03\/04180108\/IMG-20220304-WA0004-224x300.jpg 224w, https:\/\/guineefootbucket.s3.eu-west-1.amazonaws.com\/wp-content\/uploads\/2022\/03\/04180108\/IMG-20220304-WA0004-600x803.jpg 600w\" sizes=\"(max-width: 720px) 100vw, 720px\"><\/figure>\n<p><strong>BAGOU BARRY<\/strong><\/p>\n<p>L\u2019article <a rel=\"nofollow\" href=\"https:\/\/guineefoot.info\/tous-les-staffs-du-syli-dissouts-le-conor-annonce-un-appel-a-candidature-pour-le-recrutement-du-futur-selectionneur\/\">Tous les staffs du Syli dissouts, le CONOR annonce un appel \u00e0 candidature pour le recrutement du futur s\u00e9lectionneur<\/a> est apparu en premier sur <a rel=\"nofollow\" href=\"https:\/\/guineefoot.info\/\">Guineefoot<\/a>.<\/p>\n<\/div>\n","protected":false},"excerpt":{"rendered":"<p>Conakry- Dans un communiqu\u00e9 rendu public ce vendredi, le Comit\u00e9 de Normalisation de la f\u00e9d\u00e9ration guin\u00e9enne de Football annonce la dissolution de tous les staffs techniques de toutes les \u00e9quipes nationales de Guin\u00e9e. Dans ladite d\u00e9cision, le CONOR qui fait office de F\u00e9d\u00e9ration Guin\u00e9enne de Football n\u2019\u00e9pargne pas le Syli A, a quelques jours de &hellip;<\/p>\n","protected":false},"author":1,"featured_media":0,"comment_status":"closed","ping_status":"closed","sticky":false,"template":"","format":"standard","meta":{"footnotes":""},"categories":[4],"tags":[],"_links":{"self":[{"href":"https:\/\/sn.ambaguinee.org\/index.php?rest_route=\/wp\/v2\/posts\/25033"}],"collection":[{"href":"https:\/\/sn.ambaguinee.org\/index.php?rest_route=\/wp\/v2\/posts"}],"about":[{"href":"https:\/\/sn.ambaguinee.org\/index.php?rest_route=\/wp\/v2\/types\/post"}],"author":[{"embeddable":true,"href":"https:\/\/sn.ambaguinee.org\/index.php?rest_route=\/wp\/v2\/users\/1"}],"replies":[{"embeddable":true,"href":"https:\/\/sn.ambaguinee.org\/index.php?rest_route=%2Fwp%2Fv2%2Fcomments&post=25033"}],"version-history":[{"count":0,"href":"https:\/\/sn.ambaguinee.org\/index.php?rest_route=\/wp\/v2\/posts\/25033\/revisions"}],"wp:attachment":[{"href":"https:\/\/sn.ambaguinee.org\/index.php?rest_route=%2Fwp%2Fv2%2Fmedia&parent=25033"}],"wp:term":[{"taxonomy":"category","embeddable":true,"href":"https:\/\/sn.ambaguinee.org\/index.php?rest_route=%2Fwp%2Fv2%2Fcategories&post=25033"},{"taxonomy":"post_tag","embeddable":true,"href":"https:\/\/sn.ambaguinee.org\/index.php?rest_route=%2Fwp%2Fv2%2Ftags&post=25033"}],"curies":[{"name":"wp","href":"https:\/\/api.w.org\/{rel}","templated":true}]}}