{"id":29742,"date":"2022-05-17T23:00:47","date_gmt":"2022-05-17T21:00:47","guid":{"rendered":"https:\/\/sn.ambaguinee.org\/?p=29742"},"modified":"2022-05-17T23:00:47","modified_gmt":"2022-05-17T21:00:47","slug":"as-kaloum-un-nouveau-directeur-general-nomme-par-bouba-sampil","status":"publish","type":"post","link":"https:\/\/sn.ambaguinee.org\/?p=29742","title":{"rendered":"AS Kaloum : un nouveau Directeur G\u00e9n\u00e9ral nomm\u00e9 par Bouba Sampil"},"content":{"rendered":"<div>\n<p><strong>KALOUM- L\u2019Association Sportive de Kaloum (ASK) vient d\u2019annoncer la nomination d\u2019un nouveau Directeur G\u00e9n\u00e9ral. Il s\u2019agit d\u2019Elhadj Aboubacar Tour\u00e9 \u00ab\u00a0<em>Boubatri<\/em>\u00ab\u00a0.<\/strong> <\/p>\n<p>Le promu est un ancien secr\u00e9taire g\u00e9n\u00e9ral du Sous-marin jaune de Kaloum, poste qu\u2019il occupait avant de d\u00e9missionner et briguer le poste de pr\u00e9sident de la F\u00e9d\u00e9ration Guin\u00e9enne de Football lors de la derni\u00e8re \u00e9lection malheureusement suspendue par la FIFA.<\/p>\n<p>Cette nomination arrive \u00e0 un moment o\u00f9 l\u2019AS Kaloum du pr\u00e9sident Bouba Sampil veut se remobiliser en vue de la saison prochaine, apr\u00e8s avoir termin\u00e9 huiti\u00e8me du championnat de Ligue 1 cette saison avec 35 points (26 matches, 10 victoires, 5 nuls,  13 d\u00e9faites, 35 points)<\/p>\n<p><strong><em>GUINEEFOOT.INFO<\/em><\/strong> <\/p>\n<p>L\u2019article <a rel=\"nofollow\" href=\"https:\/\/guineefoot.info\/as-kaloum-un-nouveau-directeur-general-nomme\/\">AS Kaloum : un nouveau Directeur G\u00e9n\u00e9ral nomm\u00e9 par Bouba Sampil<\/a> est apparu en premier sur <a rel=\"nofollow\" href=\"https:\/\/guineefoot.info\/\">Guineefoot<\/a>.<\/p>\n<\/div>\n","protected":false},"excerpt":{"rendered":"<p>KALOUM- L\u2019Association Sportive de Kaloum (ASK) vient d\u2019annoncer la nomination d\u2019un nouveau Directeur G\u00e9n\u00e9ral. Il s\u2019agit d\u2019Elhadj Aboubacar Tour\u00e9 \u00ab\u00a0Boubatri\u00ab\u00a0. Le promu est un ancien secr\u00e9taire g\u00e9n\u00e9ral du Sous-marin jaune de Kaloum, poste qu\u2019il occupait avant de d\u00e9missionner et briguer le poste de pr\u00e9sident de la F\u00e9d\u00e9ration Guin\u00e9enne de Football lors de la derni\u00e8re \u00e9lection &hellip;<\/p>\n","protected":false},"author":1,"featured_media":0,"comment_status":"closed","ping_status":"closed","sticky":false,"template":"","format":"standard","meta":{"footnotes":""},"categories":[4],"tags":[],"_links":{"self":[{"href":"https:\/\/sn.ambaguinee.org\/index.php?rest_route=\/wp\/v2\/posts\/29742"}],"collection":[{"href":"https:\/\/sn.ambaguinee.org\/index.php?rest_route=\/wp\/v2\/posts"}],"about":[{"href":"https:\/\/sn.ambaguinee.org\/index.php?rest_route=\/wp\/v2\/types\/post"}],"author":[{"embeddable":true,"href":"https:\/\/sn.ambaguinee.org\/index.php?rest_route=\/wp\/v2\/users\/1"}],"replies":[{"embeddable":true,"href":"https:\/\/sn.ambaguinee.org\/index.php?rest_route=%2Fwp%2Fv2%2Fcomments&post=29742"}],"version-history":[{"count":0,"href":"https:\/\/sn.ambaguinee.org\/index.php?rest_route=\/wp\/v2\/posts\/29742\/revisions"}],"wp:attachment":[{"href":"https:\/\/sn.ambaguinee.org\/index.php?rest_route=%2Fwp%2Fv2%2Fmedia&parent=29742"}],"wp:term":[{"taxonomy":"category","embeddable":true,"href":"https:\/\/sn.ambaguinee.org\/index.php?rest_route=%2Fwp%2Fv2%2Fcategories&post=29742"},{"taxonomy":"post_tag","embeddable":true,"href":"https:\/\/sn.ambaguinee.org\/index.php?rest_route=%2Fwp%2Fv2%2Ftags&post=29742"}],"curies":[{"name":"wp","href":"https:\/\/api.w.org\/{rel}","templated":true}]}}