{"id":29845,"date":"2022-05-18T23:01:07","date_gmt":"2022-05-18T21:01:07","guid":{"rendered":"https:\/\/sn.ambaguinee.org\/?p=29845"},"modified":"2022-05-18T23:01:07","modified_gmt":"2022-05-18T21:01:07","slug":"syli-kaba-diawara-justifie-les-absences-de-morlaye-sylla-mady-camara-et-martinez-kante","status":"publish","type":"post","link":"https:\/\/sn.ambaguinee.org\/?p=29845","title":{"rendered":"Syli : Kaba Diawara justifie les absences de Morlaye Sylla, Mady Camara et Martinez Kant\u00e9"},"content":{"rendered":"<div>\n<p><strong>CONAKRY- sur la liste officielle des joueurs convoqu\u00e9s pour d\u00e9marrer les \u00e9liminatoires de la CAN 2023, Kaba Diawara n\u2019a pas convoqu\u00e9 Morlaye Sylla<\/strong>, <strong>Mady Camara et l\u2019attaquant Jos\u00e9 Martinez Kant\u00e9. <\/strong><\/p>\n<p>Le milieu de terrain du Horoya AC champion de Guin\u00e9e, presque toujours pr\u00e9sent avec le Syli ces derniers temps, ne sera pas avec le Syli lors des premi\u00e8res journ\u00e9es des \u00e9liminatoires de la prochaine CAN. KABA Diawara explique l\u2019absence du joueur en ces termes <em><strong>\u00ab\u00a0le joueur traverse des moments un peu mouvement\u00e9s, donc nous avons parl\u00e9 avec lui et on a d\u00e9cid\u00e9 de se passer de lui pour cette fois\u00a0\u00bb<\/strong><\/em>. <\/p>\n<p>Morlaye Sylla n\u2019est pas le seul absent, c\u2019est le cas aussi de l\u2019attaquant Jos\u00e9 Martinez Kant\u00e9. Sa non-convocation est li\u00e9e \u00e0 des raisons personnelles selon le s\u00e9lectionneur Kaba Diawara. <\/p>\n<p><strong>Mady Camara encore et toujours absent !<\/strong><\/p>\n<p>Kaba Diawara pr\u00e9cise qu\u2019il n\u2019a aucun probl\u00e8me avec le joueur d\u2019Olympiakos et explique que c\u2019est juste une question de choix tactique. Le cas Mohamed Simankan ? Toujours attendu et courtis\u00e9 par les dirigeants et supporters du Syli, le d\u00e9fenseur du RB Leipzig en Allemagne n\u2019est pas pr\u00eat pour l\u2019instant \u00e0 d\u00e9fendre les couleurs de la Guin\u00e9e. \u00ab\u00a0<strong><em>On ne force pas un joueur \u00e0 venir en s\u00e9lection. Nous discutons avec lui, mais il sera utile que quand il sera pr\u00eat lui-m\u00eame. Parce qu\u2019on le veut \u00e0 100%\u00a0\u00bb<\/em>. <\/strong><\/p>\n<p><strong>BAGOU BARRY<\/strong><\/p>\n<p>L\u2019article <a rel=\"nofollow\" href=\"https:\/\/guineefoot.info\/syli-kaba-diawara-justifie-les-absences-de-morlaye-sylla-mady-camara-et-martinez-kante\/\">Syli : Kaba Diawara justifie les absences de Morlaye Sylla, Mady Camara et Martinez Kant\u00e9<\/a> est apparu en premier sur <a rel=\"nofollow\" href=\"https:\/\/guineefoot.info\/\">Guineefoot<\/a>.<\/p>\n<\/div>\n","protected":false},"excerpt":{"rendered":"<p>CONAKRY- sur la liste officielle des joueurs convoqu\u00e9s pour d\u00e9marrer les \u00e9liminatoires de la CAN 2023, Kaba Diawara n\u2019a pas convoqu\u00e9 Morlaye Sylla, Mady Camara et l\u2019attaquant Jos\u00e9 Martinez Kant\u00e9. Le milieu de terrain du Horoya AC champion de Guin\u00e9e, presque toujours pr\u00e9sent avec le Syli ces derniers temps, ne sera pas avec le Syli &hellip;<\/p>\n","protected":false},"author":1,"featured_media":0,"comment_status":"closed","ping_status":"closed","sticky":false,"template":"","format":"standard","meta":{"footnotes":""},"categories":[4],"tags":[],"_links":{"self":[{"href":"https:\/\/sn.ambaguinee.org\/index.php?rest_route=\/wp\/v2\/posts\/29845"}],"collection":[{"href":"https:\/\/sn.ambaguinee.org\/index.php?rest_route=\/wp\/v2\/posts"}],"about":[{"href":"https:\/\/sn.ambaguinee.org\/index.php?rest_route=\/wp\/v2\/types\/post"}],"author":[{"embeddable":true,"href":"https:\/\/sn.ambaguinee.org\/index.php?rest_route=\/wp\/v2\/users\/1"}],"replies":[{"embeddable":true,"href":"https:\/\/sn.ambaguinee.org\/index.php?rest_route=%2Fwp%2Fv2%2Fcomments&post=29845"}],"version-history":[{"count":0,"href":"https:\/\/sn.ambaguinee.org\/index.php?rest_route=\/wp\/v2\/posts\/29845\/revisions"}],"wp:attachment":[{"href":"https:\/\/sn.ambaguinee.org\/index.php?rest_route=%2Fwp%2Fv2%2Fmedia&parent=29845"}],"wp:term":[{"taxonomy":"category","embeddable":true,"href":"https:\/\/sn.ambaguinee.org\/index.php?rest_route=%2Fwp%2Fv2%2Fcategories&post=29845"},{"taxonomy":"post_tag","embeddable":true,"href":"https:\/\/sn.ambaguinee.org\/index.php?rest_route=%2Fwp%2Fv2%2Ftags&post=29845"}],"curies":[{"name":"wp","href":"https:\/\/api.w.org\/{rel}","templated":true}]}}