{"id":30289,"date":"2022-05-24T23:00:51","date_gmt":"2022-05-24T21:00:51","guid":{"rendered":"https:\/\/sn.ambaguinee.org\/?p=30289"},"modified":"2022-05-24T23:00:51","modified_gmt":"2022-05-24T21:00:51","slug":"affaire-stade-general-lansana-conte-oui-sil-nest-pas-termine-on-ny-jouera-pas-source","status":"publish","type":"post","link":"https:\/\/sn.ambaguinee.org\/?p=30289","title":{"rendered":"Affaire stade G\u00e9n\u00e9ral Lansana Cont\u00e9 : \u00ab oui s\u2019il n\u2019est pas termin\u00e9, on n\u2019y jouera pas \u00bb (source)"},"content":{"rendered":"<div>\n<p><strong>CONAKRY- depuis plusieurs jours les d\u00e9bats font rage dans les \u00e9missions de radio mais aussi sur la toile \u00e0 propos de l\u2019homologation du stade g\u00e9n\u00e9ral Lansana Cont\u00e9 de Nongo.<\/strong><\/p>\n<p>Une pol\u00e9mique n\u00e9e de la sortie m\u00e9diatique du vice pr\u00e9sident du comit\u00e9 de normalisation, S\u00e9ga Diallo. Il a dit chez nos confr\u00e8res de la Radio Espace \u00ab\u00a0<em><strong>nous n\u2019avons aucun stade homologu\u00e9, c\u2019est seulement le match contre la Namibie que nous jouerons ici. Le reste \u00e7a sera ailleurs. Nous avons \u00e9t\u00e9 inform\u00e9s par la CAF \u00e0 ce sujet\u00a0\u00bb.<\/strong><\/em><\/p>\n<p>Les commentaires viennent de partout certains allant jusqu\u2019\u00e0 qualifier S\u00e9ga de menteur. Alors que d\u2019autres l\u2019accusent de man\u0153uvrer pour ternir l\u2019image du PDG de SAM GBM, Antonio Souar\u00e9, qui a le contrat de gestion du stade.<\/p>\n<p>Pour tenter d\u2019y voir clair, nous avons joint au t\u00e9l\u00e9phone un des responsables du CONOR. Notre source qui a bien voulu garder l\u2019anonymat affirme je cite : \u00ab\u00a0<strong><em>C\u2019est vrai nous avons \u00e9t\u00e9 alert\u00e9s par la CAF sur des travaux qui doivent se faire au stade GLC. Si ces travaux ne se font pas, nous ne pourrons pas recevoir ici nos matchs\u00a0\u00bb.<\/em><\/strong><\/p>\n<p>Parmi les travaux \u00e0 effectuer figure le parking, nous apprenons \u00e9galement que la pelouse est vis\u00e9e dans la m\u00eame lettre.<\/p>\n<figure class=\"wp-block-image size-full is-resized\"><imgsrc=\"\" alt=\"\" class=\"wp-image-41003\" width=\"414\" height=\"560\"><\/figure>\n<p><strong>BAGOU BARRY<\/strong><\/p>\n<p>L\u2019article <a rel=\"nofollow\" href=\"https:\/\/guineefoot.info\/affaire-stade-general-lansana-conte-oui-sil-nest-pas-termine-on-ny-jouera-pas-source\/\">Affaire stade G\u00e9n\u00e9ral Lansana Cont\u00e9 : \u00ab oui s\u2019il n\u2019est pas termin\u00e9, on n\u2019y jouera pas \u00bb (source)<\/a> est apparu en premier sur <a rel=\"nofollow\" href=\"https:\/\/guineefoot.info\/\">Guineefoot<\/a>.<\/p>\n<\/div>\n","protected":false},"excerpt":{"rendered":"<p>CONAKRY- depuis plusieurs jours les d\u00e9bats font rage dans les \u00e9missions de radio mais aussi sur la toile \u00e0 propos de l\u2019homologation du stade g\u00e9n\u00e9ral Lansana Cont\u00e9 de Nongo. Une pol\u00e9mique n\u00e9e de la sortie m\u00e9diatique du vice pr\u00e9sident du comit\u00e9 de normalisation, S\u00e9ga Diallo. Il a dit chez nos confr\u00e8res de la Radio Espace &hellip;<\/p>\n","protected":false},"author":1,"featured_media":0,"comment_status":"closed","ping_status":"closed","sticky":false,"template":"","format":"standard","meta":{"footnotes":""},"categories":[4],"tags":[],"_links":{"self":[{"href":"https:\/\/sn.ambaguinee.org\/index.php?rest_route=\/wp\/v2\/posts\/30289"}],"collection":[{"href":"https:\/\/sn.ambaguinee.org\/index.php?rest_route=\/wp\/v2\/posts"}],"about":[{"href":"https:\/\/sn.ambaguinee.org\/index.php?rest_route=\/wp\/v2\/types\/post"}],"author":[{"embeddable":true,"href":"https:\/\/sn.ambaguinee.org\/index.php?rest_route=\/wp\/v2\/users\/1"}],"replies":[{"embeddable":true,"href":"https:\/\/sn.ambaguinee.org\/index.php?rest_route=%2Fwp%2Fv2%2Fcomments&post=30289"}],"version-history":[{"count":0,"href":"https:\/\/sn.ambaguinee.org\/index.php?rest_route=\/wp\/v2\/posts\/30289\/revisions"}],"wp:attachment":[{"href":"https:\/\/sn.ambaguinee.org\/index.php?rest_route=%2Fwp%2Fv2%2Fmedia&parent=30289"}],"wp:term":[{"taxonomy":"category","embeddable":true,"href":"https:\/\/sn.ambaguinee.org\/index.php?rest_route=%2Fwp%2Fv2%2Fcategories&post=30289"},{"taxonomy":"post_tag","embeddable":true,"href":"https:\/\/sn.ambaguinee.org\/index.php?rest_route=%2Fwp%2Fv2%2Ftags&post=30289"}],"curies":[{"name":"wp","href":"https:\/\/api.w.org\/{rel}","templated":true}]}}