{"id":33538,"date":"2022-07-01T23:03:10","date_gmt":"2022-07-01T21:03:10","guid":{"rendered":"https:\/\/sn.ambaguinee.org\/?p=33538"},"modified":"2022-07-01T23:03:10","modified_gmt":"2022-07-01T21:03:10","slug":"prolongation-du-mandat-du-conor-las-kaloum-suit-les-pas-du-hafia","status":"publish","type":"post","link":"https:\/\/sn.ambaguinee.org\/?p=33538","title":{"rendered":"Prolongation du mandat du CONOR : l\u2019AS Kaloum suit les pas du Hafia\u2026."},"content":{"rendered":"<div>\n<p><strong>CONKAKRY \u2013 apr\u00e8s le Hafia qui a publi\u00e9 un communiqu\u00e9 appelant \u00e0 l\u2019apaisement pour une bonne issue de la mission du CONOR, c\u2019est au tour de l\u2019AS Kaloum d\u2019en faire autant.<\/strong><\/p>\n<p>Dans un communiqu\u00e9 sign\u00e9 par le directeur financier adjoint du club de la presqu\u2019\u00eele de Kaloum, on peut lire \u00ab\u00a0<strong>ASK n\u2019a donn\u00e9 un mandat \u00e0 une quelconque personne de parler en son nom en tant que membre statutaire<\/strong>\u00ab\u00a0.<\/p>\n<p>Copie du courrier <\/p>\n<div class=\"wp-block-image\">\n<figure class=\"aligncenter size-large is-resized\"><imgsrc=\"https:\/\/sn.ambaguinee.org\/wp-content\/uploads\/2022\/07\/image.png\" alt=\"\" class=\"wp-image-41705\" width=\"258\" height=\"363\" srcset=\"https:\/\/guineefootbucket.s3.eu-west-1.amazonaws.com\/wp-content\/uploads\/2022\/07\/01175633\/image-727x1024.png 727w, https:\/\/guineefootbucket.s3.eu-west-1.amazonaws.com\/wp-content\/uploads\/2022\/07\/01175633\/image-213x300.png 213w, https:\/\/guineefootbucket.s3.eu-west-1.amazonaws.com\/wp-content\/uploads\/2022\/07\/01175633\/image-600x845.png 600w, https:\/\/sn.ambaguinee.org\/wp-content\/uploads\/2022\/07\/image.png 767w\" sizes=\"(max-width: 258px) 100vw, 258px\"><figcaption>Courrier <\/figcaption><\/figure>\n<\/div>\n<p><strong>Bagou BARRY<\/strong><\/p>\n<p>L\u2019article <a rel=\"nofollow\" href=\"https:\/\/guineefoot.info\/prolongation-du-mandat-du-conor-las-kaloum-suit-les-pas-du-hafia\/\">Prolongation du mandat du CONOR : l\u2019AS Kaloum suit les pas du Hafia\u2026.<\/a> est apparu en premier sur <a rel=\"nofollow\" href=\"https:\/\/guineefoot.info\/\">Guineefoot<\/a>.<\/p>\n<\/div>\n","protected":false},"excerpt":{"rendered":"<p>CONKAKRY \u2013 apr\u00e8s le Hafia qui a publi\u00e9 un communiqu\u00e9 appelant \u00e0 l\u2019apaisement pour une bonne issue de la mission du CONOR, c\u2019est au tour de l\u2019AS Kaloum d\u2019en faire autant. Dans un communiqu\u00e9 sign\u00e9 par le directeur financier adjoint du club de la presqu\u2019\u00eele de Kaloum, on peut lire \u00ab\u00a0ASK n\u2019a donn\u00e9 un mandat &hellip;<\/p>\n","protected":false},"author":1,"featured_media":0,"comment_status":"closed","ping_status":"closed","sticky":false,"template":"","format":"standard","meta":{"footnotes":""},"categories":[4],"tags":[],"_links":{"self":[{"href":"https:\/\/sn.ambaguinee.org\/index.php?rest_route=\/wp\/v2\/posts\/33538"}],"collection":[{"href":"https:\/\/sn.ambaguinee.org\/index.php?rest_route=\/wp\/v2\/posts"}],"about":[{"href":"https:\/\/sn.ambaguinee.org\/index.php?rest_route=\/wp\/v2\/types\/post"}],"author":[{"embeddable":true,"href":"https:\/\/sn.ambaguinee.org\/index.php?rest_route=\/wp\/v2\/users\/1"}],"replies":[{"embeddable":true,"href":"https:\/\/sn.ambaguinee.org\/index.php?rest_route=%2Fwp%2Fv2%2Fcomments&post=33538"}],"version-history":[{"count":0,"href":"https:\/\/sn.ambaguinee.org\/index.php?rest_route=\/wp\/v2\/posts\/33538\/revisions"}],"wp:attachment":[{"href":"https:\/\/sn.ambaguinee.org\/index.php?rest_route=%2Fwp%2Fv2%2Fmedia&parent=33538"}],"wp:term":[{"taxonomy":"category","embeddable":true,"href":"https:\/\/sn.ambaguinee.org\/index.php?rest_route=%2Fwp%2Fv2%2Fcategories&post=33538"},{"taxonomy":"post_tag","embeddable":true,"href":"https:\/\/sn.ambaguinee.org\/index.php?rest_route=%2Fwp%2Fv2%2Ftags&post=33538"}],"curies":[{"name":"wp","href":"https:\/\/api.w.org\/{rel}","templated":true}]}}