{"id":33602,"date":"2022-07-02T23:03:59","date_gmt":"2022-07-02T21:03:59","guid":{"rendered":"https:\/\/sn.ambaguinee.org\/?p=33602"},"modified":"2022-07-02T23:03:59","modified_gmt":"2022-07-02T21:03:59","slug":"portugal-alhassane-sylla-rejoint-morereinse-dibrahima-camara","status":"publish","type":"post","link":"https:\/\/sn.ambaguinee.org\/?p=33602","title":{"rendered":"Portugal : Alhassane Sylla rejoint Morereinse d\u2019Ibrahima Camara"},"content":{"rendered":"<div>\n<p><strong>MOREREINSE- la communaut\u00e9 guin\u00e9enne de Morereinse au Portugal s\u2019agrandit. Le d\u00e9fenseur guin\u00e9en Alhassane Sylla vient de signer un contrat de deux (2) saisons avec le club rel\u00e9gu\u00e9 en deuxi\u00e8me division \u00e0 l\u2019issue de cette saison sportive en championnat. <\/strong><\/p>\n<p>Alhassane Sylla y sera avec le milieu de terrain Ibrahima Camara <em>Koeman<\/em>, l\u2019autre guin\u00e9en \u00e9voluant dans cette \u00e9quipe. Il faut rappeler que Alhassane Sylla, qui peut aussi jouer pour l\u2019\u00e9quipe du S\u00e9n\u00e9gal, pr\u00eatait r\u00e9cemment ses services \u00e0 Rio Ave, \u00e9talement en D2 Portugaise.<\/p>\n<figure class=\"wp-block-image size-large\"><img width=\"819\" height=\"1024\"src=\"https:\/\/sn.ambaguinee.org\/wp-content\/uploads\/2022\/07\/IMG-20220702-WA0017.jpg\" alt=\"\" class=\"wp-image-41724\" srcset=\"https:\/\/guineefootbucket.s3.eu-west-1.amazonaws.com\/wp-content\/uploads\/2022\/07\/02192747\/IMG-20220702-WA0017-819x1024.jpg 819w, https:\/\/guineefootbucket.s3.eu-west-1.amazonaws.com\/wp-content\/uploads\/2022\/07\/02192747\/IMG-20220702-WA0017-240x300.jpg 240w, https:\/\/guineefootbucket.s3.eu-west-1.amazonaws.com\/wp-content\/uploads\/2022\/07\/02192747\/IMG-20220702-WA0017-768x960.jpg 768w, https:\/\/guineefootbucket.s3.eu-west-1.amazonaws.com\/wp-content\/uploads\/2022\/07\/02192747\/IMG-20220702-WA0017-600x750.jpg 600w, https:\/\/sn.ambaguinee.org\/wp-content\/uploads\/2022\/07\/IMG-20220702-WA0017.jpg 1024w\" sizes=\"(max-width: 819px) 100vw, 819px\"><\/figure>\n<p>L\u2019article <a rel=\"nofollow\" href=\"https:\/\/guineefoot.info\/portugal-alhassane-sylla-rejoint-morereinse-dibrahima-camara\/\">Portugal : Alhassane Sylla rejoint Morereinse d\u2019Ibrahima Camara<\/a> est apparu en premier sur <a rel=\"nofollow\" href=\"https:\/\/guineefoot.info\/\">Guineefoot<\/a>.<\/p>\n<\/div>\n","protected":false},"excerpt":{"rendered":"<p>MOREREINSE- la communaut\u00e9 guin\u00e9enne de Morereinse au Portugal s\u2019agrandit. Le d\u00e9fenseur guin\u00e9en Alhassane Sylla vient de signer un contrat de deux (2) saisons avec le club rel\u00e9gu\u00e9 en deuxi\u00e8me division \u00e0 l\u2019issue de cette saison sportive en championnat. Alhassane Sylla y sera avec le milieu de terrain Ibrahima Camara Koeman, l\u2019autre guin\u00e9en \u00e9voluant dans cette &hellip;<\/p>\n","protected":false},"author":1,"featured_media":0,"comment_status":"closed","ping_status":"closed","sticky":false,"template":"","format":"standard","meta":{"footnotes":""},"categories":[4],"tags":[],"_links":{"self":[{"href":"https:\/\/sn.ambaguinee.org\/index.php?rest_route=\/wp\/v2\/posts\/33602"}],"collection":[{"href":"https:\/\/sn.ambaguinee.org\/index.php?rest_route=\/wp\/v2\/posts"}],"about":[{"href":"https:\/\/sn.ambaguinee.org\/index.php?rest_route=\/wp\/v2\/types\/post"}],"author":[{"embeddable":true,"href":"https:\/\/sn.ambaguinee.org\/index.php?rest_route=\/wp\/v2\/users\/1"}],"replies":[{"embeddable":true,"href":"https:\/\/sn.ambaguinee.org\/index.php?rest_route=%2Fwp%2Fv2%2Fcomments&post=33602"}],"version-history":[{"count":0,"href":"https:\/\/sn.ambaguinee.org\/index.php?rest_route=\/wp\/v2\/posts\/33602\/revisions"}],"wp:attachment":[{"href":"https:\/\/sn.ambaguinee.org\/index.php?rest_route=%2Fwp%2Fv2%2Fmedia&parent=33602"}],"wp:term":[{"taxonomy":"category","embeddable":true,"href":"https:\/\/sn.ambaguinee.org\/index.php?rest_route=%2Fwp%2Fv2%2Fcategories&post=33602"},{"taxonomy":"post_tag","embeddable":true,"href":"https:\/\/sn.ambaguinee.org\/index.php?rest_route=%2Fwp%2Fv2%2Ftags&post=33602"}],"curies":[{"name":"wp","href":"https:\/\/api.w.org\/{rel}","templated":true}]}}