{"id":33670,"date":"2022-07-03T23:03:36","date_gmt":"2022-07-03T21:03:36","guid":{"rendered":"https:\/\/sn.ambaguinee.org\/?p=33670"},"modified":"2022-07-03T23:03:36","modified_gmt":"2022-07-03T21:03:36","slug":"can-2023-la-caf-decale-a-janvier-2024-le-rendez-vous-ivoirien","status":"publish","type":"post","link":"https:\/\/sn.ambaguinee.org\/?p=33670","title":{"rendered":"CAN 2023 : la CAF d\u00e9cale \u00e0 janvier 2024 le rendez-vous ivoirien"},"content":{"rendered":"<div>\n<p><strong>Comme il fallait s\u2019y attendre, la CAN pr\u00e9vue en juin 2023 en C\u00f4te d\u2019Ivoire n\u2019aura finalement pas lieu \u00e0 cette date.\u00a0<\/strong><\/p>\n<p>Le comit\u00e9 ex\u00e9cutif de la Conf\u00e9d\u00e9ration Africaine de Football en r\u00e9union ce dimanche a d\u00e9cid\u00e9 de d\u00e9caler les dates de la comp\u00e9tition. Initialement pr\u00e9vue en juin 2023, c\u2019est finalement en janvier \u2013 f\u00e9vrier 2024 que la comp\u00e9tition va se jouer en terre ivoirienne.\u00a0<\/p>\n<p>Les conditions climatiques en p\u00e9riode hivernale ne sont pas favorables pour organiser une comp\u00e9tition majeure. La CAF d\u00e9cide donc de renvoyer le rendez-vous \u00e0 janvier. Une p\u00e9riode habituelle pour organiser la CAN.\u00a0<\/p>\n<p><strong>Bagou BARRY<\/strong>\u00a0<\/p>\n<\/p>\n<p>L\u2019article <a rel=\"nofollow\" href=\"https:\/\/guineefoot.info\/can-2023-la-caf-decale-a-janvier-2024-le-rendez-vous-ivoirien\/\">CAN 2023 : la CAF d\u00e9cale \u00e0 janvier 2024 le rendez-vous ivoirien<\/a> est apparu en premier sur <a rel=\"nofollow\" href=\"https:\/\/guineefoot.info\/\">Guineefoot<\/a>.<\/p>\n<\/div>\n","protected":false},"excerpt":{"rendered":"<p>Comme il fallait s\u2019y attendre, la CAN pr\u00e9vue en juin 2023 en C\u00f4te d\u2019Ivoire n\u2019aura finalement pas lieu \u00e0 cette date.\u00a0 Le comit\u00e9 ex\u00e9cutif de la Conf\u00e9d\u00e9ration Africaine de Football en r\u00e9union ce dimanche a d\u00e9cid\u00e9 de d\u00e9caler les dates de la comp\u00e9tition. Initialement pr\u00e9vue en juin 2023, c\u2019est finalement en janvier \u2013 f\u00e9vrier 2024 &hellip;<\/p>\n","protected":false},"author":1,"featured_media":0,"comment_status":"closed","ping_status":"closed","sticky":false,"template":"","format":"standard","meta":{"footnotes":""},"categories":[4],"tags":[],"_links":{"self":[{"href":"https:\/\/sn.ambaguinee.org\/index.php?rest_route=\/wp\/v2\/posts\/33670"}],"collection":[{"href":"https:\/\/sn.ambaguinee.org\/index.php?rest_route=\/wp\/v2\/posts"}],"about":[{"href":"https:\/\/sn.ambaguinee.org\/index.php?rest_route=\/wp\/v2\/types\/post"}],"author":[{"embeddable":true,"href":"https:\/\/sn.ambaguinee.org\/index.php?rest_route=\/wp\/v2\/users\/1"}],"replies":[{"embeddable":true,"href":"https:\/\/sn.ambaguinee.org\/index.php?rest_route=%2Fwp%2Fv2%2Fcomments&post=33670"}],"version-history":[{"count":0,"href":"https:\/\/sn.ambaguinee.org\/index.php?rest_route=\/wp\/v2\/posts\/33670\/revisions"}],"wp:attachment":[{"href":"https:\/\/sn.ambaguinee.org\/index.php?rest_route=%2Fwp%2Fv2%2Fmedia&parent=33670"}],"wp:term":[{"taxonomy":"category","embeddable":true,"href":"https:\/\/sn.ambaguinee.org\/index.php?rest_route=%2Fwp%2Fv2%2Fcategories&post=33670"},{"taxonomy":"post_tag","embeddable":true,"href":"https:\/\/sn.ambaguinee.org\/index.php?rest_route=%2Fwp%2Fv2%2Ftags&post=33670"}],"curies":[{"name":"wp","href":"https:\/\/api.w.org\/{rel}","templated":true}]}}