{"id":34028,"date":"2022-07-08T23:03:39","date_gmt":"2022-07-08T21:03:39","guid":{"rendered":"https:\/\/sn.ambaguinee.org\/?p=34028"},"modified":"2022-07-08T23:03:39","modified_gmt":"2022-07-08T21:03:39","slug":"paris-fc-lamine-diaby-fadiga-prolonge-et-prete-aux-pays-bas","status":"publish","type":"post","link":"https:\/\/sn.ambaguinee.org\/?p=34028","title":{"rendered":"Paris FC : Lamine Diaby Fadiga prolong\u00e9, et pr\u00eat\u00e9 aux Pays-Bas"},"content":{"rendered":"<div>\n<p><strong>EINDHOVEN- L\u2019histoire entre le\u00a0Paris FC et Lamine Diaby Fadiga\u00a0n\u2019est pas encore termin\u00e9e. Si l\u2019attaquant franco-guin\u00e9en de 21 ans quitte le club de la capitale, c\u2019est pour le moment temporaire. <\/strong><\/p>\n<p>En effet, le PFC a annonc\u00e9 ce vendredi que l\u2019ancien de Nice \u00e9tait pr\u00eat\u00e9 pour la saison \u00e0 venir au\u00a0FC Eindhoven, en deuxi\u00e8me division aux Pays-Bas.<\/p>\n<p>Mais avant de d\u00e9couvrir ce pays, Diaby Fadiga a prolong\u00e9 son contrat jusqu\u2019en 2024 avec Paris FC. Le jeune joueur devra marquer des points \u00e0 Eindhoven puisque la saison derni\u00e8re, il n\u2019a pas r\u00e9ussi \u00e0 entrer dans les plans de Thierry Laurey avec seulement trois petites minutes disput\u00e9es en Ligue 2 fran\u00e7aise.<\/p>\n<p><em><strong>ALPHA DIALLO <\/strong><\/em><\/p>\n<p>L\u2019article <a rel=\"nofollow\" href=\"https:\/\/guineefoot.info\/paris-fc-lamine-diaby-fadiga-prolonge-et-prete-aux-pays-bas\/\">Paris FC : Lamine Diaby Fadiga prolong\u00e9, et pr\u00eat\u00e9 aux Pays-Bas<\/a> est apparu en premier sur <a rel=\"nofollow\" href=\"https:\/\/guineefoot.info\/\">Guineefoot<\/a>.<\/p>\n<\/div>\n","protected":false},"excerpt":{"rendered":"<p>EINDHOVEN- L\u2019histoire entre le\u00a0Paris FC et Lamine Diaby Fadiga\u00a0n\u2019est pas encore termin\u00e9e. Si l\u2019attaquant franco-guin\u00e9en de 21 ans quitte le club de la capitale, c\u2019est pour le moment temporaire. En effet, le PFC a annonc\u00e9 ce vendredi que l\u2019ancien de Nice \u00e9tait pr\u00eat\u00e9 pour la saison \u00e0 venir au\u00a0FC Eindhoven, en deuxi\u00e8me division aux Pays-Bas. &hellip;<\/p>\n","protected":false},"author":1,"featured_media":0,"comment_status":"closed","ping_status":"closed","sticky":false,"template":"","format":"standard","meta":{"footnotes":""},"categories":[4],"tags":[],"_links":{"self":[{"href":"https:\/\/sn.ambaguinee.org\/index.php?rest_route=\/wp\/v2\/posts\/34028"}],"collection":[{"href":"https:\/\/sn.ambaguinee.org\/index.php?rest_route=\/wp\/v2\/posts"}],"about":[{"href":"https:\/\/sn.ambaguinee.org\/index.php?rest_route=\/wp\/v2\/types\/post"}],"author":[{"embeddable":true,"href":"https:\/\/sn.ambaguinee.org\/index.php?rest_route=\/wp\/v2\/users\/1"}],"replies":[{"embeddable":true,"href":"https:\/\/sn.ambaguinee.org\/index.php?rest_route=%2Fwp%2Fv2%2Fcomments&post=34028"}],"version-history":[{"count":0,"href":"https:\/\/sn.ambaguinee.org\/index.php?rest_route=\/wp\/v2\/posts\/34028\/revisions"}],"wp:attachment":[{"href":"https:\/\/sn.ambaguinee.org\/index.php?rest_route=%2Fwp%2Fv2%2Fmedia&parent=34028"}],"wp:term":[{"taxonomy":"category","embeddable":true,"href":"https:\/\/sn.ambaguinee.org\/index.php?rest_route=%2Fwp%2Fv2%2Fcategories&post=34028"},{"taxonomy":"post_tag","embeddable":true,"href":"https:\/\/sn.ambaguinee.org\/index.php?rest_route=%2Fwp%2Fv2%2Ftags&post=34028"}],"curies":[{"name":"wp","href":"https:\/\/api.w.org\/{rel}","templated":true}]}}