{"id":34468,"date":"2022-07-16T23:04:54","date_gmt":"2022-07-16T21:04:54","guid":{"rendered":"https:\/\/sn.ambaguinee.org\/?p=34468"},"modified":"2022-07-16T23:04:54","modified_gmt":"2022-07-16T21:04:54","slug":"avant-bayo-quel-international-guineen-est-passe-par-la-capitale-du-nord","status":"publish","type":"post","link":"https:\/\/sn.ambaguinee.org\/?p=34468","title":{"rendered":"Avant Bayo quel international guin\u00e9en est pass\u00e9 par la capitale du Nord ?"},"content":{"rendered":"<div>\n<p>Le jeune international guin\u00e9en Mohamed Bayo a pos\u00e9 ses valises \u00e0 Lille.<\/p>\n<p><strong>Mohamed Bayo juillet 2022-<\/strong><\/p>\n<p>Artisan de la mont\u00e9e en Ligue 1 de son club durant la saison 2020-2021, Bayo a quitt\u00e9 son club de toujours Clermont pour le LOSC. Il fait partie d\u2019un cercle ferm\u00e9 de joueurs qui a vu Lille sortir un ch\u00e8que de de plus 10 millions pour un transfert, soit un peu plus 14 M\u20ac millions pour ce jeune attaquant.<\/p>\n<p>\u00a0Selon un sondage du site <a href=\"https:\/\/www.lepetitlillois.com\/2022\/07\/15\/sondage-14-millions-deuros-pour-mohamed-bayo-une-bonne-affaire\/\">lepetitlillois.com<\/a>, sur pr\u00e8s 1200 r\u00e9ponses, pr\u00e8s de 80% pensent que c\u2019est une bonne affaire faite par Lille. Quel d\u00e9fi pour ce jeune franco-guin\u00e9en\u00a0?<\/p>\n<figure class=\"wp-block-image size-full\"><img width=\"990\" height=\"285\"src=\"https:\/\/sn.ambaguinee.org\/wp-content\/uploads\/2022\/07\/Sondage-sur-Bayo-a-Lille.png\" alt=\"\" class=\"wp-image-41808\" srcset=\"https:\/\/sn.ambaguinee.org\/wp-content\/uploads\/2022\/07\/Sondage-sur-Bayo-a-Lille.png 990w, https:\/\/guineefootbucket.s3.eu-west-1.amazonaws.com\/wp-content\/uploads\/2022\/07\/16154039\/Sondage-sur-Bayo-a-Lille-300x86.png 300w, https:\/\/guineefootbucket.s3.eu-west-1.amazonaws.com\/wp-content\/uploads\/2022\/07\/16154039\/Sondage-sur-Bayo-a-Lille-768x221.png 768w, https:\/\/guineefootbucket.s3.eu-west-1.amazonaws.com\/wp-content\/uploads\/2022\/07\/16154039\/Sondage-sur-Bayo-a-Lille-600x173.png 600w\" sizes=\"(max-width: 990px) 100vw, 990px\"><\/figure>\n<p>Ce sondage publi\u00e9 sur le site du petit lillois montre la confiance des supporters sur cette recrue de la saison. \u00a0En s\u00e9lection nationale, il compte d\u00e9j\u00e0 9 matchs jou\u00e9s et 2 buts marqu\u00e9s<\/p>\n<p>Mais avant lui, il a y a eu quelques internationaux guin\u00e9ens qui sont pass\u00e9s par l\u00e0. \u00a0A voire l\u2019historique des Guin\u00e9ens, le LOSC n\u2019a pas \u00e9t\u00e9 un club de r\u00e9ussite pour nos internationaux. \u00a0Mohamed Bayo une nouvelle donne\u00a0?<\/p>\n<p><strong>Aguibou Camara (2020 -2021)<\/strong><\/p>\n<p>Recrut\u00e9 en Guin\u00e9e par le LOSC, il est pass\u00e9 par la r\u00e9serve de Lille. Il a fait une apparition avec l\u2019\u00e9quipe premi\u00e8re lors du match de coupe de France contre Dijon FC, il a marqu\u00e9 un but lors de ce match. Apr\u00e8s Lille, il a rejoint le club Grecque d\u2019Olympiakos.<\/p>\n<figure class=\"wp-block-image size-full\"><img loading=\"lazy\" width=\"900\" height=\"600\"src=\"https:\/\/sn.ambaguinee.org\/wp-content\/uploads\/2022\/07\/Aguibou-Camra-Lille.jpg\" alt=\"\" class=\"wp-image-41810\" srcset=\"https:\/\/sn.ambaguinee.org\/wp-content\/uploads\/2022\/07\/Aguibou-Camra-Lille.jpg 900w, https:\/\/guineefootbucket.s3.eu-west-1.amazonaws.com\/wp-content\/uploads\/2022\/07\/16154250\/Aguibou-Camra-Lille-300x200.jpg 300w, https:\/\/guineefootbucket.s3.eu-west-1.amazonaws.com\/wp-content\/uploads\/2022\/07\/16154250\/Aguibou-Camra-Lille-768x512.jpg 768w, https:\/\/guineefootbucket.s3.eu-west-1.amazonaws.com\/wp-content\/uploads\/2022\/07\/16154250\/Aguibou-Camra-Lille-600x400.jpg 600w\" sizes=\"(max-width: 900px) 100vw, 900px\"><figcaption>Aguibou Camra \u2013 Lille<\/figcaption><\/figure>\n<p><strong>Souleymane Youla (2006-2008)<\/strong><\/p>\n<p>Cet international guin\u00e9en, champion de la Belgique avec Anderlecht en 2001, qui est pass\u00e9 \u00e9galement en Turquie a jou\u00e9 2 saisons avec les Dogues, en 37 apparitions, il a marqu\u00e9 2 buts.<\/p>\n<p>Il avait \u00e9t\u00e9 achet\u00e9 de Be\u015fikta\u015f JK pour un montant de 1,6 M\u20ac, alors il \u00e9tait en pr\u00eat au FC Metz pour 6 mois.<\/p>\n<figure class=\"wp-block-image size-large\"><img loading=\"lazy\" width=\"1024\" height=\"682\"src=\"https:\/\/guineefootbucket.s3.eu-west-1.amazonaws.com\/wp-content\/uploads\/2022\/07\/16154341\/Souleymane-Youla.webp\" alt=\"\" class=\"wp-image-41811\" srcset=\"https:\/\/guineefootbucket.s3.eu-west-1.amazonaws.com\/wp-content\/uploads\/2022\/07\/16154341\/Souleymane-Youla-1024x682.webp 1024w, https:\/\/guineefootbucket.s3.eu-west-1.amazonaws.com\/wp-content\/uploads\/2022\/07\/16154341\/Souleymane-Youla-300x200.webp 300w, https:\/\/guineefootbucket.s3.eu-west-1.amazonaws.com\/wp-content\/uploads\/2022\/07\/16154341\/Souleymane-Youla-768x512.webp 768w, https:\/\/guineefootbucket.s3.eu-west-1.amazonaws.com\/wp-content\/uploads\/2022\/07\/16154341\/Souleymane-Youla-1536x1024.webp 1536w, https:\/\/guineefootbucket.s3.eu-west-1.amazonaws.com\/wp-content\/uploads\/2022\/07\/16154341\/Souleymane-Youla-600x400.webp 600w, https:\/\/guineefootbucket.s3.eu-west-1.amazonaws.com\/wp-content\/uploads\/2022\/07\/16154341\/Souleymane-Youla.webp 2000w\" sizes=\"(max-width: 1024px) 100vw, 1024px\"><\/figure>\n<p><strong>Larsen Tour\u00e9 (2005-2010)<\/strong><\/p>\n<p>N\u00e9 \u00e0 Brest, il fut ses d\u00e9buts en 2003 \u00e0 Tourcoing dans le Nord \u00e0 19 ans. Cet ailier droit a \u00e9t\u00e9 recrut\u00e9 au LOSC par Claude Puel.<br \/>En 5 ans sous contrat, il n\u2019a pas jou\u00e9 une saison compl\u00e8te avec l\u2019\u00e9quipe A de Lille. Apr\u00e8s avoir sign\u00e9 son contrat PRO \u00e0 21 ans, il a commenc\u00e9 avec les B du LOSC.\u00a0 Il a \u00e9t\u00e9 pr\u00eat\u00e9 au FC Gueugnon et 2 fois \u00e0 Grenoble. Apr\u00e8s avoir disparu des radars depuis 2016, il est inscrit en tant que joueur \u00e0 Schiltigheim (dans la banlieue nord de Strasbourg) en National 2 pour la saison 2021-2022<\/p>\n<figure class=\"wp-block-image size-full\"><img loading=\"lazy\" width=\"358\" height=\"547\"src=\"https:\/\/sn.ambaguinee.org\/wp-content\/uploads\/2022\/07\/Larsen-Toure-Lille-1.jpg\" alt=\"\" class=\"wp-image-41812\" srcset=\"https:\/\/sn.ambaguinee.org\/wp-content\/uploads\/2022\/07\/Larsen-Toure-Lille-1.jpg 358w, https:\/\/guineefootbucket.s3.eu-west-1.amazonaws.com\/wp-content\/uploads\/2022\/07\/16154401\/Larsen-Toure-Lille-1-196x300.jpg 196w\" sizes=\"(max-width: 358px) 100vw, 358px\"><\/figure>\n<p><strong>Mohammed Camara (1998-2000)<\/strong><\/p>\n<p>N\u00e9 \u00e0 Conakry en 1975, cet ancien arri\u00e8re gauche du Syli National de Guin\u00e9e. Il d\u00e9barque au Nord en 1998 en provenance de Havre et aura pass\u00e9 2 saisons sur le club avant de filer en Angleterre \u00e0 Wolverhampton.<\/p>\n<p>L\u2019article <a rel=\"nofollow\" href=\"https:\/\/guineefoot.info\/avant-bayo-quel-international-guineen-est-passe-par-la-capitale-du-nord\/\">Avant Bayo quel international guin\u00e9en est pass\u00e9 par la capitale du Nord ?<\/a> est apparu en premier sur <a rel=\"nofollow\" href=\"https:\/\/guineefoot.info\/\">Guineefoot<\/a>.<\/p>\n<\/div>\n","protected":false},"excerpt":{"rendered":"<p>Le jeune international guin\u00e9en Mohamed Bayo a pos\u00e9 ses valises \u00e0 Lille. Mohamed Bayo juillet 2022- Artisan de la mont\u00e9e en Ligue 1 de son club durant la saison 2020-2021, Bayo a quitt\u00e9 son club de toujours Clermont pour le LOSC. Il fait partie d\u2019un cercle ferm\u00e9 de joueurs qui a vu Lille sortir un &hellip;<\/p>\n","protected":false},"author":1,"featured_media":0,"comment_status":"closed","ping_status":"closed","sticky":false,"template":"","format":"standard","meta":{"footnotes":""},"categories":[4],"tags":[],"_links":{"self":[{"href":"https:\/\/sn.ambaguinee.org\/index.php?rest_route=\/wp\/v2\/posts\/34468"}],"collection":[{"href":"https:\/\/sn.ambaguinee.org\/index.php?rest_route=\/wp\/v2\/posts"}],"about":[{"href":"https:\/\/sn.ambaguinee.org\/index.php?rest_route=\/wp\/v2\/types\/post"}],"author":[{"embeddable":true,"href":"https:\/\/sn.ambaguinee.org\/index.php?rest_route=\/wp\/v2\/users\/1"}],"replies":[{"embeddable":true,"href":"https:\/\/sn.ambaguinee.org\/index.php?rest_route=%2Fwp%2Fv2%2Fcomments&post=34468"}],"version-history":[{"count":0,"href":"https:\/\/sn.ambaguinee.org\/index.php?rest_route=\/wp\/v2\/posts\/34468\/revisions"}],"wp:attachment":[{"href":"https:\/\/sn.ambaguinee.org\/index.php?rest_route=%2Fwp%2Fv2%2Fmedia&parent=34468"}],"wp:term":[{"taxonomy":"category","embeddable":true,"href":"https:\/\/sn.ambaguinee.org\/index.php?rest_route=%2Fwp%2Fv2%2Fcategories&post=34468"},{"taxonomy":"post_tag","embeddable":true,"href":"https:\/\/sn.ambaguinee.org\/index.php?rest_route=%2Fwp%2Fv2%2Ftags&post=34468"}],"curies":[{"name":"wp","href":"https:\/\/api.w.org\/{rel}","templated":true}]}}