{"id":34622,"date":"2022-07-19T23:04:51","date_gmt":"2022-07-19T21:04:51","guid":{"rendered":"https:\/\/sn.ambaguinee.org\/?p=34622"},"modified":"2022-07-19T23:04:51","modified_gmt":"2022-07-19T21:04:51","slug":"necrologie-momo-yattara-elo-et-pokou-ont-perdu-leur-papa","status":"publish","type":"post","link":"https:\/\/sn.ambaguinee.org\/?p=34622","title":{"rendered":"N\u00e9crologie : Momo Yattara \u00c9lo et Pokou ont perdu leur papa"},"content":{"rendered":"<div>\n<p><strong>SANGAR\u00c9DI<\/strong>\u2013 <strong>La famille Yattara est en deuil. Le p\u00e8re biologique de Mohamed Lamine Yattara \u00c9lo et Ibrahima Yattara Pokou, tous internationaux guin\u00e9ens, vient de quitter le monde des vivants. <\/strong><\/p>\n<p>Salif Yattara est d\u00e9c\u00e9d\u00e9 \u00e0 Sangar\u00e9di dans la nuit de ce lundi, des suites de maladie. Le d\u00e9funt fut aussi footballeur comme ses deux enfants, lui qui a d\u00e9fendu les couleurs du COK de Bok\u00e9 dans le pass\u00e9. <em>Guineefoot<\/em> pr\u00e9sente ses sinc\u00e8res condol\u00e9ances \u00e0 la famille eplor\u00e9e. <\/p>\n<figure class=\"wp-block-image size-large\"><img width=\"980\" height=\"1024\"src=\"https:\/\/sn.ambaguinee.org\/wp-content\/uploads\/2022\/07\/FB_IMG_1658235075003.jpg\" alt=\"\" class=\"wp-image-41844\" srcset=\"https:\/\/guineefootbucket.s3.eu-west-1.amazonaws.com\/wp-content\/uploads\/2022\/07\/19125157\/FB_IMG_1658235075003-980x1024.jpg 980w, https:\/\/guineefootbucket.s3.eu-west-1.amazonaws.com\/wp-content\/uploads\/2022\/07\/19125157\/FB_IMG_1658235075003-287x300.jpg 287w, https:\/\/guineefootbucket.s3.eu-west-1.amazonaws.com\/wp-content\/uploads\/2022\/07\/19125157\/FB_IMG_1658235075003-768x802.jpg 768w, https:\/\/guineefootbucket.s3.eu-west-1.amazonaws.com\/wp-content\/uploads\/2022\/07\/19125157\/FB_IMG_1658235075003-600x627.jpg 600w, https:\/\/guineefootbucket.s3.eu-west-1.amazonaws.com\/wp-content\/uploads\/2022\/07\/19125157\/FB_IMG_1658235075003-24x24.jpg 24w, https:\/\/sn.ambaguinee.org\/wp-content\/uploads\/2022\/07\/FB_IMG_1658235075003.jpg 1080w\" sizes=\"(max-width: 980px) 100vw, 980px\"><\/figure>\n<p><strong><em>GUINEEFOOT.INFO<\/em><\/strong> <\/p>\n<p>L\u2019article <a rel=\"nofollow\" href=\"https:\/\/guineefoot.info\/necrologie-momo-yattara-elo-et-pokou-ont-perdu-leur-papa\/\">N\u00e9crologie : Momo Yattara \u00c9lo et Pokou ont perdu leur papa<\/a> est apparu en premier sur <a rel=\"nofollow\" href=\"https:\/\/guineefoot.info\/\">Guineefoot<\/a>.<\/p>\n<\/div>\n","protected":false},"excerpt":{"rendered":"<p>SANGAR\u00c9DI\u2013 La famille Yattara est en deuil. Le p\u00e8re biologique de Mohamed Lamine Yattara \u00c9lo et Ibrahima Yattara Pokou, tous internationaux guin\u00e9ens, vient de quitter le monde des vivants. Salif Yattara est d\u00e9c\u00e9d\u00e9 \u00e0 Sangar\u00e9di dans la nuit de ce lundi, des suites de maladie. Le d\u00e9funt fut aussi footballeur comme ses deux enfants, lui &hellip;<\/p>\n","protected":false},"author":1,"featured_media":0,"comment_status":"closed","ping_status":"closed","sticky":false,"template":"","format":"standard","meta":{"footnotes":""},"categories":[4],"tags":[],"_links":{"self":[{"href":"https:\/\/sn.ambaguinee.org\/index.php?rest_route=\/wp\/v2\/posts\/34622"}],"collection":[{"href":"https:\/\/sn.ambaguinee.org\/index.php?rest_route=\/wp\/v2\/posts"}],"about":[{"href":"https:\/\/sn.ambaguinee.org\/index.php?rest_route=\/wp\/v2\/types\/post"}],"author":[{"embeddable":true,"href":"https:\/\/sn.ambaguinee.org\/index.php?rest_route=\/wp\/v2\/users\/1"}],"replies":[{"embeddable":true,"href":"https:\/\/sn.ambaguinee.org\/index.php?rest_route=%2Fwp%2Fv2%2Fcomments&post=34622"}],"version-history":[{"count":0,"href":"https:\/\/sn.ambaguinee.org\/index.php?rest_route=\/wp\/v2\/posts\/34622\/revisions"}],"wp:attachment":[{"href":"https:\/\/sn.ambaguinee.org\/index.php?rest_route=%2Fwp%2Fv2%2Fmedia&parent=34622"}],"wp:term":[{"taxonomy":"category","embeddable":true,"href":"https:\/\/sn.ambaguinee.org\/index.php?rest_route=%2Fwp%2Fv2%2Fcategories&post=34622"},{"taxonomy":"post_tag","embeddable":true,"href":"https:\/\/sn.ambaguinee.org\/index.php?rest_route=%2Fwp%2Fv2%2Ftags&post=34622"}],"curies":[{"name":"wp","href":"https:\/\/api.w.org\/{rel}","templated":true}]}}