{"id":35239,"date":"2022-07-27T23:04:55","date_gmt":"2022-07-27T21:04:55","guid":{"rendered":"https:\/\/sn.ambaguinee.org\/?p=35239"},"modified":"2022-07-27T23:04:55","modified_gmt":"2022-07-27T21:04:55","slug":"lass-kourouma-jeune-frere-dilaix-moriba-prolonge-avec-levante-en-espagne","status":"publish","type":"post","link":"https:\/\/sn.ambaguinee.org\/?p=35239","title":{"rendered":"Lass Kourouma, jeune fr\u00e8re d\u2019Ilaix Moriba, prolonge avec Levante en Espagne"},"content":{"rendered":"<div>\n<p><strong>LEVANTE<\/strong>\u2013 La famille Illaix s\u2019agrandit dans le monde professionnel. Ce mercredi, Lancinet Kourouma \u00ab\u00a0Lass\u00a0\u00bb, a prolong\u00e9 de 3 saisons son aventure avec son club formateur Levante Union Deportivo en Espagne. \u00c2g\u00e9 de 17 ans, Lass fait actuellement la pr\u00e9-saison avec la filiale Granota. Le jeune attaquant est le petit fr\u00e8re de l\u2019international guin\u00e9en Moriba Illaix Kourouma. Il signe donc pro<\/p>\n<figure class=\"wp-block-image size-full is-resized\"><img loading=\"lazy\"src=\"https:\/\/sn.ambaguinee.org\/wp-content\/uploads\/2022\/07\/Lass-Kourouma-780x470-1.png\" alt=\"\" class=\"wp-image-41961\" width=\"530\" height=\"318\" srcset=\"https:\/\/sn.ambaguinee.org\/wp-content\/uploads\/2022\/07\/Lass-Kourouma-780x470-1.png 780w, https:\/\/guineefootbucket.s3.eu-west-1.amazonaws.com\/wp-content\/uploads\/2022\/07\/27161601\/Lass-Kourouma-780x470-1-300x180.png 300w, https:\/\/guineefootbucket.s3.eu-west-1.amazonaws.com\/wp-content\/uploads\/2022\/07\/27161601\/Lass-Kourouma-780x470-1-450x270.png 450w\" sizes=\"(max-width: 530px) 100vw, 530px\"><\/figure>\n<p><em><strong>ALPHA DIALO<\/strong><\/em><\/p>\n<p>L\u2019article <a rel=\"nofollow\" href=\"https:\/\/guineefoot.info\/lass-kourouma-jeune-frere-dilaix-moriba-prolonge-avec-levante-en-espagne\/\">Lass Kourouma, jeune fr\u00e8re d\u2019Ilaix Moriba, prolonge avec Levante en Espagne<\/a> est apparu en premier sur <a rel=\"nofollow\" href=\"https:\/\/guineefoot.info\/\">Guineefoot<\/a>.<\/p>\n<\/div>\n","protected":false},"excerpt":{"rendered":"<p>LEVANTE\u2013 La famille Illaix s\u2019agrandit dans le monde professionnel. Ce mercredi, Lancinet Kourouma \u00ab\u00a0Lass\u00a0\u00bb, a prolong\u00e9 de 3 saisons son aventure avec son club formateur Levante Union Deportivo en Espagne. \u00c2g\u00e9 de 17 ans, Lass fait actuellement la pr\u00e9-saison avec la filiale Granota. Le jeune attaquant est le petit fr\u00e8re de l\u2019international guin\u00e9en Moriba Illaix &hellip;<\/p>\n","protected":false},"author":1,"featured_media":0,"comment_status":"closed","ping_status":"closed","sticky":false,"template":"","format":"standard","meta":{"footnotes":""},"categories":[4],"tags":[],"_links":{"self":[{"href":"https:\/\/sn.ambaguinee.org\/index.php?rest_route=\/wp\/v2\/posts\/35239"}],"collection":[{"href":"https:\/\/sn.ambaguinee.org\/index.php?rest_route=\/wp\/v2\/posts"}],"about":[{"href":"https:\/\/sn.ambaguinee.org\/index.php?rest_route=\/wp\/v2\/types\/post"}],"author":[{"embeddable":true,"href":"https:\/\/sn.ambaguinee.org\/index.php?rest_route=\/wp\/v2\/users\/1"}],"replies":[{"embeddable":true,"href":"https:\/\/sn.ambaguinee.org\/index.php?rest_route=%2Fwp%2Fv2%2Fcomments&post=35239"}],"version-history":[{"count":0,"href":"https:\/\/sn.ambaguinee.org\/index.php?rest_route=\/wp\/v2\/posts\/35239\/revisions"}],"wp:attachment":[{"href":"https:\/\/sn.ambaguinee.org\/index.php?rest_route=%2Fwp%2Fv2%2Fmedia&parent=35239"}],"wp:term":[{"taxonomy":"category","embeddable":true,"href":"https:\/\/sn.ambaguinee.org\/index.php?rest_route=%2Fwp%2Fv2%2Fcategories&post=35239"},{"taxonomy":"post_tag","embeddable":true,"href":"https:\/\/sn.ambaguinee.org\/index.php?rest_route=%2Fwp%2Fv2%2Ftags&post=35239"}],"curies":[{"name":"wp","href":"https:\/\/api.w.org\/{rel}","templated":true}]}}