{"id":35241,"date":"2022-07-27T23:05:00","date_gmt":"2022-07-27T21:05:00","guid":{"rendered":"https:\/\/sn.ambaguinee.org\/?p=35241"},"modified":"2022-07-27T23:05:00","modified_gmt":"2022-07-27T21:05:00","slug":"transfert-abdoulaye-sylla-quitte-nantes-et-debarque-en-belgique","status":"publish","type":"post","link":"https:\/\/sn.ambaguinee.org\/?p=35241","title":{"rendered":"Transfert : Abdoulaye Sylla quitte Nantes et d\u00e9barque en Belgique"},"content":{"rendered":"<div>\n<p><strong>BRUXELLES- Le d\u00e9fenseur guin\u00e9en Abdoulaye Sylla a sign\u00e9 un contrat de deux saisons au RFC Seraing en Belgique, a annonc\u00e9 le club li\u00e9geois mardi<\/strong>.<\/p>\n<p>Le joueur \u00e2g\u00e9 de 22 ans \u00e9voluait au FC Nantes en France, son club formateur o\u00f9 il faisait partie de l\u2019\u00e9quipe premi\u00e8re depuis deux saisons en Ligue 1. Abdoulaye Sylla \u00e9tait sur une voie de garage \u00e0 Nantes, lui qui n\u2019a jou\u00e9 que trois matches la saison derni\u00e8re. Il esp\u00e8re se relancer chez les pensionnaires de la Premi\u00e8re division Belge.<\/p>\n<figure class=\"wp-block-image size-large is-resized\"><imgsrc=\"https:\/\/sn.ambaguinee.org\/wp-content\/uploads\/2022\/07\/Screenshot_20220727-202342_Instagram.jpg\" alt=\"\" class=\"wp-image-41971\" width=\"512\" height=\"414\" srcset=\"https:\/\/guineefootbucket.s3.eu-west-1.amazonaws.com\/wp-content\/uploads\/2022\/07\/27203422\/Screenshot_20220727-202342_Instagram-1024x829.jpg 1024w, https:\/\/guineefootbucket.s3.eu-west-1.amazonaws.com\/wp-content\/uploads\/2022\/07\/27203422\/Screenshot_20220727-202342_Instagram-300x243.jpg 300w, https:\/\/guineefootbucket.s3.eu-west-1.amazonaws.com\/wp-content\/uploads\/2022\/07\/27203422\/Screenshot_20220727-202342_Instagram-768x622.jpg 768w, https:\/\/guineefootbucket.s3.eu-west-1.amazonaws.com\/wp-content\/uploads\/2022\/07\/27203422\/Screenshot_20220727-202342_Instagram-600x486.jpg 600w, https:\/\/sn.ambaguinee.org\/wp-content\/uploads\/2022\/07\/Screenshot_20220727-202342_Instagram.jpg 1080w\" sizes=\"(max-width: 512px) 100vw, 512px\"><\/figure>\n<p><strong>DH<\/strong><\/p>\n<p>L\u2019article <a rel=\"nofollow\" href=\"https:\/\/guineefoot.info\/transfert-abdoulaye-sylla-quitte-nantes-et-debarque-en-belgique\/\">Transfert : Abdoulaye Sylla quitte Nantes et d\u00e9barque en Belgique<\/a> est apparu en premier sur <a rel=\"nofollow\" href=\"https:\/\/guineefoot.info\/\">Guineefoot<\/a>.<\/p>\n<\/div>\n","protected":false},"excerpt":{"rendered":"<p>BRUXELLES- Le d\u00e9fenseur guin\u00e9en Abdoulaye Sylla a sign\u00e9 un contrat de deux saisons au RFC Seraing en Belgique, a annonc\u00e9 le club li\u00e9geois mardi. Le joueur \u00e2g\u00e9 de 22 ans \u00e9voluait au FC Nantes en France, son club formateur o\u00f9 il faisait partie de l\u2019\u00e9quipe premi\u00e8re depuis deux saisons en Ligue 1. Abdoulaye Sylla \u00e9tait &hellip;<\/p>\n","protected":false},"author":1,"featured_media":0,"comment_status":"closed","ping_status":"closed","sticky":false,"template":"","format":"standard","meta":{"footnotes":""},"categories":[4],"tags":[],"_links":{"self":[{"href":"https:\/\/sn.ambaguinee.org\/index.php?rest_route=\/wp\/v2\/posts\/35241"}],"collection":[{"href":"https:\/\/sn.ambaguinee.org\/index.php?rest_route=\/wp\/v2\/posts"}],"about":[{"href":"https:\/\/sn.ambaguinee.org\/index.php?rest_route=\/wp\/v2\/types\/post"}],"author":[{"embeddable":true,"href":"https:\/\/sn.ambaguinee.org\/index.php?rest_route=\/wp\/v2\/users\/1"}],"replies":[{"embeddable":true,"href":"https:\/\/sn.ambaguinee.org\/index.php?rest_route=%2Fwp%2Fv2%2Fcomments&post=35241"}],"version-history":[{"count":0,"href":"https:\/\/sn.ambaguinee.org\/index.php?rest_route=\/wp\/v2\/posts\/35241\/revisions"}],"wp:attachment":[{"href":"https:\/\/sn.ambaguinee.org\/index.php?rest_route=%2Fwp%2Fv2%2Fmedia&parent=35241"}],"wp:term":[{"taxonomy":"category","embeddable":true,"href":"https:\/\/sn.ambaguinee.org\/index.php?rest_route=%2Fwp%2Fv2%2Fcategories&post=35241"},{"taxonomy":"post_tag","embeddable":true,"href":"https:\/\/sn.ambaguinee.org\/index.php?rest_route=%2Fwp%2Fv2%2Ftags&post=35241"}],"curies":[{"name":"wp","href":"https:\/\/api.w.org\/{rel}","templated":true}]}}