{"id":35698,"date":"2022-08-02T23:00:33","date_gmt":"2022-08-02T21:00:33","guid":{"rendered":"https:\/\/sn.ambaguinee.org\/?p=35698"},"modified":"2022-08-02T23:00:33","modified_gmt":"2022-08-02T21:00:33","slug":"portugal-morlaye-sylla-pour-sa-premiere-avec-arouca-fc-photos","status":"publish","type":"post","link":"https:\/\/sn.ambaguinee.org\/?p=35698","title":{"rendered":"Portugal : Morlaye Sylla pour sa premi\u00e8re avec Arouca FC (Photos)"},"content":{"rendered":"<div>\n<p><strong>AROUCA<\/strong>\u2013 R\u00e9cemment transf\u00e9r\u00e9 du Horoya AC de Guin\u00e9e \u00e0 Arouca au Portugal, le jeune prodige guin\u00e9en Morlaye Sylla a rejoint ses nouveaux co\u00e9quipiers. L\u2019international guin\u00e9en s\u2019est entra\u00een\u00e9 sous ses nouvelles couleurs. <\/p>\n<figure class=\"wp-block-image size-large is-resized\"><imgsrc=\"https:\/\/sn.ambaguinee.org\/wp-content\/uploads\/2022\/08\/20220802_125520.jpg\" alt=\"\" class=\"wp-image-42040\" width=\"745\" height=\"745\" srcset=\"https:\/\/guineefootbucket.s3.eu-west-1.amazonaws.com\/wp-content\/uploads\/2022\/08\/02131140\/20220802_125520-1024x1024.jpg 1024w, https:\/\/guineefootbucket.s3.eu-west-1.amazonaws.com\/wp-content\/uploads\/2022\/08\/02131140\/20220802_125520-300x300.jpg 300w, https:\/\/guineefootbucket.s3.eu-west-1.amazonaws.com\/wp-content\/uploads\/2022\/08\/02131140\/20220802_125520-150x150.jpg 150w, https:\/\/guineefootbucket.s3.eu-west-1.amazonaws.com\/wp-content\/uploads\/2022\/08\/02131140\/20220802_125520-768x768.jpg 768w, https:\/\/guineefootbucket.s3.eu-west-1.amazonaws.com\/wp-content\/uploads\/2022\/08\/02131140\/20220802_125520-1536x1536.jpg 1536w, https:\/\/guineefootbucket.s3.eu-west-1.amazonaws.com\/wp-content\/uploads\/2022\/08\/02131140\/20220802_125520-80x80.jpg 80w, https:\/\/guineefootbucket.s3.eu-west-1.amazonaws.com\/wp-content\/uploads\/2022\/08\/02131140\/20220802_125520-600x600.jpg 600w, https:\/\/guineefootbucket.s3.eu-west-1.amazonaws.com\/wp-content\/uploads\/2022\/08\/02131140\/20220802_125520-100x100.jpg 100w, https:\/\/guineefootbucket.s3.eu-west-1.amazonaws.com\/wp-content\/uploads\/2022\/08\/02131140\/20220802_125520-24x24.jpg 24w, https:\/\/guineefootbucket.s3.eu-west-1.amazonaws.com\/wp-content\/uploads\/2022\/08\/02131140\/20220802_125520-48x48.jpg 48w, https:\/\/guineefootbucket.s3.eu-west-1.amazonaws.com\/wp-content\/uploads\/2022\/08\/02131140\/20220802_125520-96x96.jpg 96w, https:\/\/sn.ambaguinee.org\/wp-content\/uploads\/2022\/08\/20220802_125520.jpg 1600w\" sizes=\"(max-width: 745px) 100vw, 745px\"><\/figure>\n<figure class=\"wp-block-image size-large is-resized\"><img loading=\"lazy\"src=\"https:\/\/sn.ambaguinee.org\/wp-content\/uploads\/2022\/08\/20220802_131202.jpg\" alt=\"\" class=\"wp-image-42041\" width=\"760\" height=\"760\" srcset=\"https:\/\/guineefootbucket.s3.eu-west-1.amazonaws.com\/wp-content\/uploads\/2022\/08\/02131219\/20220802_131202-1024x1024.jpg 1024w, https:\/\/guineefootbucket.s3.eu-west-1.amazonaws.com\/wp-content\/uploads\/2022\/08\/02131219\/20220802_131202-300x300.jpg 300w, https:\/\/guineefootbucket.s3.eu-west-1.amazonaws.com\/wp-content\/uploads\/2022\/08\/02131219\/20220802_131202-150x150.jpg 150w, https:\/\/guineefootbucket.s3.eu-west-1.amazonaws.com\/wp-content\/uploads\/2022\/08\/02131219\/20220802_131202-768x768.jpg 768w, https:\/\/guineefootbucket.s3.eu-west-1.amazonaws.com\/wp-content\/uploads\/2022\/08\/02131219\/20220802_131202-1536x1536.jpg 1536w, https:\/\/guineefootbucket.s3.eu-west-1.amazonaws.com\/wp-content\/uploads\/2022\/08\/02131219\/20220802_131202-80x80.jpg 80w, https:\/\/guineefootbucket.s3.eu-west-1.amazonaws.com\/wp-content\/uploads\/2022\/08\/02131219\/20220802_131202-600x600.jpg 600w, https:\/\/guineefootbucket.s3.eu-west-1.amazonaws.com\/wp-content\/uploads\/2022\/08\/02131219\/20220802_131202-100x100.jpg 100w, https:\/\/guineefootbucket.s3.eu-west-1.amazonaws.com\/wp-content\/uploads\/2022\/08\/02131219\/20220802_131202-24x24.jpg 24w, https:\/\/guineefootbucket.s3.eu-west-1.amazonaws.com\/wp-content\/uploads\/2022\/08\/02131219\/20220802_131202-48x48.jpg 48w, https:\/\/guineefootbucket.s3.eu-west-1.amazonaws.com\/wp-content\/uploads\/2022\/08\/02131219\/20220802_131202-96x96.jpg 96w, https:\/\/sn.ambaguinee.org\/wp-content\/uploads\/2022\/08\/20220802_131202.jpg 1600w\" sizes=\"(max-width: 760px) 100vw, 760px\"><\/figure>\n<p>L\u2019article <a rel=\"nofollow\" href=\"https:\/\/guineefoot.info\/portugal-morlaye-sylla-pour-sa-premiere-avec-arouca-fc-photos\/\">Portugal : Morlaye Sylla pour sa premi\u00e8re avec Arouca FC (Photos)<\/a> est apparu en premier sur <a rel=\"nofollow\" href=\"https:\/\/guineefoot.info\/\">Guineefoot<\/a>.<\/p>\n<\/div>\n","protected":false},"excerpt":{"rendered":"<p>AROUCA\u2013 R\u00e9cemment transf\u00e9r\u00e9 du Horoya AC de Guin\u00e9e \u00e0 Arouca au Portugal, le jeune prodige guin\u00e9en Morlaye Sylla a rejoint ses nouveaux co\u00e9quipiers. L\u2019international guin\u00e9en s\u2019est entra\u00een\u00e9 sous ses nouvelles couleurs. L\u2019article Portugal : Morlaye Sylla pour sa premi\u00e8re avec Arouca FC (Photos) est apparu en premier sur Guineefoot.<\/p>\n","protected":false},"author":1,"featured_media":0,"comment_status":"closed","ping_status":"closed","sticky":false,"template":"","format":"standard","meta":{"footnotes":""},"categories":[4],"tags":[],"_links":{"self":[{"href":"https:\/\/sn.ambaguinee.org\/index.php?rest_route=\/wp\/v2\/posts\/35698"}],"collection":[{"href":"https:\/\/sn.ambaguinee.org\/index.php?rest_route=\/wp\/v2\/posts"}],"about":[{"href":"https:\/\/sn.ambaguinee.org\/index.php?rest_route=\/wp\/v2\/types\/post"}],"author":[{"embeddable":true,"href":"https:\/\/sn.ambaguinee.org\/index.php?rest_route=\/wp\/v2\/users\/1"}],"replies":[{"embeddable":true,"href":"https:\/\/sn.ambaguinee.org\/index.php?rest_route=%2Fwp%2Fv2%2Fcomments&post=35698"}],"version-history":[{"count":0,"href":"https:\/\/sn.ambaguinee.org\/index.php?rest_route=\/wp\/v2\/posts\/35698\/revisions"}],"wp:attachment":[{"href":"https:\/\/sn.ambaguinee.org\/index.php?rest_route=%2Fwp%2Fv2%2Fmedia&parent=35698"}],"wp:term":[{"taxonomy":"category","embeddable":true,"href":"https:\/\/sn.ambaguinee.org\/index.php?rest_route=%2Fwp%2Fv2%2Fcategories&post=35698"},{"taxonomy":"post_tag","embeddable":true,"href":"https:\/\/sn.ambaguinee.org\/index.php?rest_route=%2Fwp%2Fv2%2Ftags&post=35698"}],"curies":[{"name":"wp","href":"https:\/\/api.w.org\/{rel}","templated":true}]}}