{"id":35772,"date":"2022-08-03T23:00:25","date_gmt":"2022-08-03T21:00:25","guid":{"rendered":"https:\/\/sn.ambaguinee.org\/?p=35772"},"modified":"2022-08-03T23:00:25","modified_gmt":"2022-08-03T21:00:25","slug":"manifs-du-fndc-a-conakry-17-manifestants-relaxes","status":"publish","type":"post","link":"https:\/\/sn.ambaguinee.org\/?p=35772","title":{"rendered":"Manifs du FNDC \u00e0 Conakry. 17 manifestants relax\u00e9s"},"content":{"rendered":"<div>\n<p>Dix-sept personnes poursuivies pour des faits de \u00ab\u00a0participation d\u00e9lictueuse \u00e0 un attroupement non autoris\u00e9\u00a0\u00bb ont \u00e9t\u00e9 lib\u00e9r\u00e9es ce mardi par le tribunal de premi\u00e8re instance de Dixinn.<\/p>\n<p>Ces personnes ont \u00e9t\u00e9 interpell\u00e9es dans la commune de Ratoma \u00e0 l\u2019occasion des manifestations du FNDC.<\/p>\n<p>Les personnes relax\u00e9es l\u2019ont \u00e9t\u00e9 pour \u00ab\u00a0d\u00e9lit non constitu\u00e9\u00a0\u00bb par le juge Ousmane Simankan.<br \/><strong><br \/>\nAbdou Lory Sylla pour\u00a0<a href=\"http:\/\/guinee7.com\/\" data-saferedirecturl=\"https:\/\/www.google.com\/url?q=http:\/\/guinee7.com&amp;source=gmail&amp;ust=1659599533681000&amp;usg=AOvVaw0wlFreOD5EJZyPeifHctTC\">guinee7.com<\/a><\/strong><\/p>\n<p>L\u2019article <a rel=\"nofollow\" href=\"https:\/\/www.guinee7.com\/manifs-du-fndc-a-conakry-17-manifestants-relaxes\/\">Manifs du FNDC \u00e0 Conakry. 17 manifestants relax\u00e9s<\/a> est apparu en premier sur <a rel=\"nofollow\" href=\"https:\/\/www.guinee7.com\/\">Guinee7.com<\/a>.<\/p>\n<\/div>\n","protected":false},"excerpt":{"rendered":"<p>Dix-sept personnes poursuivies pour des faits de \u00ab\u00a0participation d\u00e9lictueuse \u00e0 un attroupement non autoris\u00e9\u00a0\u00bb ont \u00e9t\u00e9 lib\u00e9r\u00e9es ce mardi par le tribunal de premi\u00e8re instance de Dixinn. Ces personnes ont \u00e9t\u00e9 interpell\u00e9es dans la commune de Ratoma \u00e0 l\u2019occasion des manifestations du FNDC. Les personnes relax\u00e9es l\u2019ont \u00e9t\u00e9 pour \u00ab\u00a0d\u00e9lit non constitu\u00e9\u00a0\u00bb par le juge &hellip;<\/p>\n","protected":false},"author":1,"featured_media":0,"comment_status":"closed","ping_status":"closed","sticky":false,"template":"","format":"standard","meta":{"footnotes":""},"categories":[2],"tags":[22],"_links":{"self":[{"href":"https:\/\/sn.ambaguinee.org\/index.php?rest_route=\/wp\/v2\/posts\/35772"}],"collection":[{"href":"https:\/\/sn.ambaguinee.org\/index.php?rest_route=\/wp\/v2\/posts"}],"about":[{"href":"https:\/\/sn.ambaguinee.org\/index.php?rest_route=\/wp\/v2\/types\/post"}],"author":[{"embeddable":true,"href":"https:\/\/sn.ambaguinee.org\/index.php?rest_route=\/wp\/v2\/users\/1"}],"replies":[{"embeddable":true,"href":"https:\/\/sn.ambaguinee.org\/index.php?rest_route=%2Fwp%2Fv2%2Fcomments&post=35772"}],"version-history":[{"count":0,"href":"https:\/\/sn.ambaguinee.org\/index.php?rest_route=\/wp\/v2\/posts\/35772\/revisions"}],"wp:attachment":[{"href":"https:\/\/sn.ambaguinee.org\/index.php?rest_route=%2Fwp%2Fv2%2Fmedia&parent=35772"}],"wp:term":[{"taxonomy":"category","embeddable":true,"href":"https:\/\/sn.ambaguinee.org\/index.php?rest_route=%2Fwp%2Fv2%2Fcategories&post=35772"},{"taxonomy":"post_tag","embeddable":true,"href":"https:\/\/sn.ambaguinee.org\/index.php?rest_route=%2Fwp%2Fv2%2Ftags&post=35772"}],"curies":[{"name":"wp","href":"https:\/\/api.w.org\/{rel}","templated":true}]}}