{"id":35779,"date":"2022-08-03T23:00:32","date_gmt":"2022-08-03T21:00:32","guid":{"rendered":"https:\/\/sn.ambaguinee.org\/?p=35779"},"modified":"2022-08-03T23:00:32","modified_gmt":"2022-08-03T21:00:32","slug":"transfert-marseille-valence-et-torino-sur-mady-camara","status":"publish","type":"post","link":"https:\/\/sn.ambaguinee.org\/?p=35779","title":{"rendered":"Transfert : Marseille, Valence et Torino sur Mady Camara ?"},"content":{"rendered":"<div>\n<p><strong>CONAKRY<\/strong>\u2013 <strong>L\u2019OM aurait coch\u00e9 le nom de Mady Camara, pour renforcer son milieu de terrain. Le Torino et Valence penserait aussi au mileu de terrain guin\u00e9en.<\/strong><\/p>\n<p>Selon les informations publi\u00e9es par TMW, l\u2019OM figure parmi les int\u00e9ress\u00e9s par la signature de Mady Camara. Valence et le Torino seraient \u00e9galement sur le coup.Sous contrat jusqu\u2019en 2024, le natif de Matam d\u00e9fend les couleurs de l\u2019Olympiakos depuis 2018. Il a auparavant \u00e9volu\u00e9 avec l\u2019AC Ajaccio (entre 2016 et 2018). <\/p>\n<p>Le milieu de terrain de 25 ans totalise 22 apparitions en Ligue des Champions, pour 2 buts. Il compte \u00e9galement 21 s\u00e9lections avec la Guin\u00e9e.Le joueur du Pir\u00e9e constitue-t-il une alternative au dossier de Jordan Veretout ? La Roma parait pour l\u2019instant trop gourmande, pour le transfert du Fran\u00e7ais.<\/p>\n<p><em><strong>MARSEILLE<\/strong><\/em><\/p>\n<p>L\u2019article <a rel=\"nofollow\" href=\"https:\/\/guineefoot.info\/transfert-marseille-valence-et-torino-sur-mady-camara\/\">Transfert : Marseille, Valence et Torino sur Mady Camara ?<\/a> est apparu en premier sur <a rel=\"nofollow\" href=\"https:\/\/guineefoot.info\/\">Guineefoot<\/a>.<\/p>\n<\/div>\n","protected":false},"excerpt":{"rendered":"<p>CONAKRY\u2013 L\u2019OM aurait coch\u00e9 le nom de Mady Camara, pour renforcer son milieu de terrain. Le Torino et Valence penserait aussi au mileu de terrain guin\u00e9en. Selon les informations publi\u00e9es par TMW, l\u2019OM figure parmi les int\u00e9ress\u00e9s par la signature de Mady Camara. Valence et le Torino seraient \u00e9galement sur le coup.Sous contrat jusqu\u2019en 2024, &hellip;<\/p>\n","protected":false},"author":1,"featured_media":0,"comment_status":"closed","ping_status":"closed","sticky":false,"template":"","format":"standard","meta":{"footnotes":""},"categories":[4],"tags":[],"_links":{"self":[{"href":"https:\/\/sn.ambaguinee.org\/index.php?rest_route=\/wp\/v2\/posts\/35779"}],"collection":[{"href":"https:\/\/sn.ambaguinee.org\/index.php?rest_route=\/wp\/v2\/posts"}],"about":[{"href":"https:\/\/sn.ambaguinee.org\/index.php?rest_route=\/wp\/v2\/types\/post"}],"author":[{"embeddable":true,"href":"https:\/\/sn.ambaguinee.org\/index.php?rest_route=\/wp\/v2\/users\/1"}],"replies":[{"embeddable":true,"href":"https:\/\/sn.ambaguinee.org\/index.php?rest_route=%2Fwp%2Fv2%2Fcomments&post=35779"}],"version-history":[{"count":0,"href":"https:\/\/sn.ambaguinee.org\/index.php?rest_route=\/wp\/v2\/posts\/35779\/revisions"}],"wp:attachment":[{"href":"https:\/\/sn.ambaguinee.org\/index.php?rest_route=%2Fwp%2Fv2%2Fmedia&parent=35779"}],"wp:term":[{"taxonomy":"category","embeddable":true,"href":"https:\/\/sn.ambaguinee.org\/index.php?rest_route=%2Fwp%2Fv2%2Fcategories&post=35779"},{"taxonomy":"post_tag","embeddable":true,"href":"https:\/\/sn.ambaguinee.org\/index.php?rest_route=%2Fwp%2Fv2%2Ftags&post=35779"}],"curies":[{"name":"wp","href":"https:\/\/api.w.org\/{rel}","templated":true}]}}