{"id":36291,"date":"2022-08-10T23:00:45","date_gmt":"2022-08-10T21:00:45","guid":{"rendered":"https:\/\/sn.ambaguinee.org\/?p=36291"},"modified":"2022-08-10T23:00:45","modified_gmt":"2022-08-10T21:00:45","slug":"pas-de-ligue-des-champions-pour-sory-kaba-et-momo-yansane-tous-elimines","status":"publish","type":"post","link":"https:\/\/sn.ambaguinee.org\/?p=36291","title":{"rendered":"Pas de Ligue des champions pour Sory Kaba et Momo Yansan\u00e9, tous \u00e9limin\u00e9s"},"content":{"rendered":"<div>\n<p><strong>VICTORIA- Apr\u00e8s avoir cr\u00e9\u00e9 la sensation la derni\u00e8re en battant le R\u00e9al Madrid en phase de poules, le Sheriff Tiraspol ne verra pas les poules cette saison. <\/strong><\/p>\n<p>Le club o\u00f9 evolue l\u2019attaquant guin\u00e9en Momo Yansan\u00e9 a \u00e9t\u00e9 \u00e9limin\u00e9 apr\u00e8s son revers (2-1) lors du match retour des pr\u00e9liminaires par Victoria Plzen. C\u2019\u00e9tait ce mardi. Il en est de m\u00eame pour Sory Kaba et son club Danois de Midtjylland. Ils sont tomb\u00e9s sur le score de (3-1) devant les portugais du Benfica Lisbonne. <\/p>\n<p>Momo Yansan\u00e9 et Sory Kaba auront cependant l\u2019opportunit\u00e9 de jouer une autre comp\u00e9tition europ\u00e9enne, en l\u2019occurrence la Ligue Europa o\u00f9 leurs clubs seront engag\u00e9s.<\/p>\n<p><strong><em>GUINEEFOOT.INFO<\/em><\/strong> <\/p>\n<p>L\u2019article <a rel=\"nofollow\" href=\"https:\/\/guineefoot.info\/pas-de-ligue-des-champions-pour-sory-kaba-et-momo-yansane-tous-elimines\/\">Pas de Ligue des champions pour Sory Kaba et Momo Yansan\u00e9, tous \u00e9limin\u00e9s<\/a> est apparu en premier sur <a rel=\"nofollow\" href=\"https:\/\/guineefoot.info\/\">Guineefoot<\/a>.<\/p>\n<\/div>\n","protected":false},"excerpt":{"rendered":"<p>VICTORIA- Apr\u00e8s avoir cr\u00e9\u00e9 la sensation la derni\u00e8re en battant le R\u00e9al Madrid en phase de poules, le Sheriff Tiraspol ne verra pas les poules cette saison. Le club o\u00f9 evolue l\u2019attaquant guin\u00e9en Momo Yansan\u00e9 a \u00e9t\u00e9 \u00e9limin\u00e9 apr\u00e8s son revers (2-1) lors du match retour des pr\u00e9liminaires par Victoria Plzen. C\u2019\u00e9tait ce mardi. Il &hellip;<\/p>\n","protected":false},"author":1,"featured_media":0,"comment_status":"closed","ping_status":"closed","sticky":false,"template":"","format":"standard","meta":{"footnotes":""},"categories":[4],"tags":[],"_links":{"self":[{"href":"https:\/\/sn.ambaguinee.org\/index.php?rest_route=\/wp\/v2\/posts\/36291"}],"collection":[{"href":"https:\/\/sn.ambaguinee.org\/index.php?rest_route=\/wp\/v2\/posts"}],"about":[{"href":"https:\/\/sn.ambaguinee.org\/index.php?rest_route=\/wp\/v2\/types\/post"}],"author":[{"embeddable":true,"href":"https:\/\/sn.ambaguinee.org\/index.php?rest_route=\/wp\/v2\/users\/1"}],"replies":[{"embeddable":true,"href":"https:\/\/sn.ambaguinee.org\/index.php?rest_route=%2Fwp%2Fv2%2Fcomments&post=36291"}],"version-history":[{"count":0,"href":"https:\/\/sn.ambaguinee.org\/index.php?rest_route=\/wp\/v2\/posts\/36291\/revisions"}],"wp:attachment":[{"href":"https:\/\/sn.ambaguinee.org\/index.php?rest_route=%2Fwp%2Fv2%2Fmedia&parent=36291"}],"wp:term":[{"taxonomy":"category","embeddable":true,"href":"https:\/\/sn.ambaguinee.org\/index.php?rest_route=%2Fwp%2Fv2%2Fcategories&post=36291"},{"taxonomy":"post_tag","embeddable":true,"href":"https:\/\/sn.ambaguinee.org\/index.php?rest_route=%2Fwp%2Fv2%2Ftags&post=36291"}],"curies":[{"name":"wp","href":"https:\/\/api.w.org\/{rel}","templated":true}]}}