{"id":37467,"date":"2022-08-25T23:01:06","date_gmt":"2022-08-25T21:01:06","guid":{"rendered":"https:\/\/sn.ambaguinee.org\/?p=37467"},"modified":"2022-08-25T23:01:06","modified_gmt":"2022-08-25T21:01:06","slug":"inedit-guinee-alpha-conde-ovationne-lors-dune-ceremonie-presidee-par-son-tombeur","status":"publish","type":"post","link":"https:\/\/sn.ambaguinee.org\/?p=37467","title":{"rendered":"In\u00e9dit. Guin\u00e9e, Alpha Cond\u00e9 ovationn\u00e9 lors d\u2019une c\u00e9r\u00e9monie pr\u00e9sid\u00e9e par son tombeur"},"content":{"rendered":"<div>\n<p>Mercredi 24 aout, lors de la c\u00e9r\u00e9monie de remise du rapport des \u00ab\u00a0Assises nationales\u00a0\u00bb, le directeur de la Communication de la pr\u00e9sidence de la Transition, Moussa Moise Sylla, pour prouver que le pr\u00e9sident de la Transition, le Col. Mamadi Doumbouya, ne fait pas dans le \u00ab\u00a0reniement\u00a0\u00bb (sic) [Pas dans le d\u00e9ni ou dans l\u2019oubli, peut-\u00eatre voulait-il dire] a fait d\u00e9filer les portraits de tous les pr\u00e9sidents de la Guin\u00e9e -putschistes et \u00e9lus-. Tous applaudis \u00e0 l\u2019annonce de leurs noms. La surprise fut tout de m\u00eame cette ovation en faveur d\u2019Alpha Cond\u00e9. Le maitre de c\u00e9r\u00e9monie qui laissait un peu plus de temps d\u2019applaudissement pour les autres se trouve obliger de reprendre vite la parole, comme pour casser le vivat. Mal lui en a pris. L\u2019applaudim\u00e8tre marque plus d\u2019intensit\u00e9. Quelques secondes apr\u00e8s, le r\u00e9alisateur montre le tombeur d\u2019Alpha Cond\u00e9 qui baisse la t\u00eate et range ses papiers (voir vid\u00e9o ci-dessous).<\/p>\n<p>Alpha Cond\u00e9 quelques jours apr\u00e8s son arrestation ne disait-il pas dans JA que la junte refusait de le lib\u00e9rer parce qu\u2019elle avait peur de sa popularit\u00e9\u00a0? La sc\u00e8ne d\u00e9crite haut d\u00e9montre si besoin en est, que beaucoup de Guin\u00e9ens le gardent encore dans leur c\u0153ur.<\/p>\n<div style=\"width: 696px;\" class=\"wp-video\"><!--[if lt IE 9]><script>document.createElement('video');<\/script><![endif]--><br \/>\n<video class=\"wp-video-shortcode\" id=\"video-99419-1\" width=\"696\" height=\"392\" preload=\"metadata\" controls=\"controls\"><source type=\"video\/mp4\" src=\"https:\/\/www.guinee7.com\/wp-content\/uploads\/2022\/08\/alpha-applaudi-1.mp4?_=1\"><\/source><a href=\"https:\/\/www.guinee7.com\/wp-content\/uploads\/2022\/08\/alpha-applaudi-1.mp4\">https:\/\/www.guinee7.com\/wp-content\/uploads\/2022\/08\/alpha-applaudi-1.mp4<\/a><\/video><\/div>\n<p><strong>Focus de guinee7.com \u00a0<\/strong><\/p>\n<p>L\u2019article <a rel=\"nofollow\" href=\"https:\/\/www.guinee7.com\/inedit-guinee-alpha-conde-ovationne-lors-dune-ceremonie-presidee-par-son-tombeur\/\">In\u00e9dit. Guin\u00e9e, Alpha Cond\u00e9 ovationn\u00e9 lors d\u2019une c\u00e9r\u00e9monie pr\u00e9sid\u00e9e par son tombeur<\/a> est apparu en premier sur <a rel=\"nofollow\" href=\"https:\/\/www.guinee7.com\/\">Guinee7.com<\/a>.<\/p>\n<\/div>\n","protected":false},"excerpt":{"rendered":"<p>Mercredi 24 aout, lors de la c\u00e9r\u00e9monie de remise du rapport des \u00ab\u00a0Assises nationales\u00a0\u00bb, le directeur de la Communication de la pr\u00e9sidence de la Transition, Moussa Moise Sylla, pour prouver que le pr\u00e9sident de la Transition, le Col. Mamadi Doumbouya, ne fait pas dans le \u00ab\u00a0reniement\u00a0\u00bb (sic) Pas dans le d\u00e9ni ou dans l\u2019oubli, peut-\u00eatre &hellip;<\/p>\n","protected":false},"author":1,"featured_media":0,"comment_status":"closed","ping_status":"closed","sticky":false,"template":"","format":"standard","meta":{"footnotes":""},"categories":[2],"tags":[22],"_links":{"self":[{"href":"https:\/\/sn.ambaguinee.org\/index.php?rest_route=\/wp\/v2\/posts\/37467"}],"collection":[{"href":"https:\/\/sn.ambaguinee.org\/index.php?rest_route=\/wp\/v2\/posts"}],"about":[{"href":"https:\/\/sn.ambaguinee.org\/index.php?rest_route=\/wp\/v2\/types\/post"}],"author":[{"embeddable":true,"href":"https:\/\/sn.ambaguinee.org\/index.php?rest_route=\/wp\/v2\/users\/1"}],"replies":[{"embeddable":true,"href":"https:\/\/sn.ambaguinee.org\/index.php?rest_route=%2Fwp%2Fv2%2Fcomments&post=37467"}],"version-history":[{"count":0,"href":"https:\/\/sn.ambaguinee.org\/index.php?rest_route=\/wp\/v2\/posts\/37467\/revisions"}],"wp:attachment":[{"href":"https:\/\/sn.ambaguinee.org\/index.php?rest_route=%2Fwp%2Fv2%2Fmedia&parent=37467"}],"wp:term":[{"taxonomy":"category","embeddable":true,"href":"https:\/\/sn.ambaguinee.org\/index.php?rest_route=%2Fwp%2Fv2%2Fcategories&post=37467"},{"taxonomy":"post_tag","embeddable":true,"href":"https:\/\/sn.ambaguinee.org\/index.php?rest_route=%2Fwp%2Fv2%2Ftags&post=37467"}],"curies":[{"name":"wp","href":"https:\/\/api.w.org\/{rel}","templated":true}]}}