{"id":38197,"date":"2022-09-03T23:01:25","date_gmt":"2022-09-03T21:01:25","guid":{"rendered":"https:\/\/sn.ambaguinee.org\/?p=38197"},"modified":"2022-09-03T23:01:25","modified_gmt":"2022-09-03T21:01:25","slug":"aeroport-de-conakry-la-direction-annonce-la-reprise-des-vols-apres-un-accident-mortel","status":"publish","type":"post","link":"https:\/\/sn.ambaguinee.org\/?p=38197","title":{"rendered":"A\u00e9roport de Conakry. La direction annonce la reprise des vols apr\u00e8s un accident mortel"},"content":{"rendered":"<div>\n<p>Apr\u00e8s la mort de deux personnes sur la piste d\u2019atterrissage de l\u2019a\u00e9roport de Conakry, sa direction dans un communiqu\u00e9 a rappel\u00e9\u00a0: \u00ab\u00a0dans la nuit du 02 Septembre 2022 aux environs de 23h40, le vol TP 1492 de la compagnie TAP Portugal en provenance de Lisbonne a heurt\u00e9 deux (2) individus circulant sur une moto aux abords de la piste d\u2019atterrissage. Le conducteur identifi\u00e9 \u00e9tait un agent de s\u00e9curit\u00e9, employ\u00e9 d\u2019une entreprise en charge de s\u00e9curiser la cl\u00f4ture de l\u2019a\u00e9roport.\u00a0\u00bb<\/p>\n<p>\u00ab\u00a0Une enqu\u00eate men\u00e9e par l\u2019Autorit\u00e9 Guin\u00e9enne de l\u2019Aviation Civile (AGAC) avec l\u2019appui de la Direction de la Suret\u00e9 et S\u00e9curit\u00e9 SOGEAC suit son cours afin d\u2019\u00e9lucider les causes et les responsabilit\u00e9s des parties engag\u00e9es\u00a0\u00bb, a assur\u00e9 la direction sur les r\u00e9seaux sociaux.<\/p>\n<p>Le transporteur portugais parlant de l\u2019accident a dans un communiqu\u00e9 pr\u00e9cis\u00e9 que \u00ab\u00a0toutes les proc\u00e9dures de s\u00e9curit\u00e9 ont \u00e9t\u00e9 suivies, mais il n\u2019a pas \u00e9t\u00e9 possible d\u2019\u00e9viter l\u2019accident\u00a0\u00bb<em>. <\/em><\/p>\n<p>Si la direction de l\u2019a\u00e9roport de Conakry a annonc\u00e9 \u00ab\u00a0la reprise des vols ce matin\u00a0\u00bb, le gestionnaire des a\u00e9roports portugais a lui indiqu\u00e9 que le vol retour de TAP de ce samedi dans la capitale portugaise \u00e0 05h10 (04H10 GMT), a \u00e9t\u00e9 annul\u00e9,<\/p>\n<p><strong>Focus de guinee7.com<\/strong><\/p>\n<p>L\u2019article <a rel=\"nofollow\" href=\"https:\/\/www.guinee7.com\/aeroport-de-conakry-la-direction-annonce-la-reprise-des-vols-apres-un-accident-mortel\/\">A\u00e9roport de Conakry. La direction annonce la reprise des vols apr\u00e8s un accident mortel<\/a> est apparu en premier sur <a rel=\"nofollow\" href=\"https:\/\/www.guinee7.com\/\">Guinee7.com<\/a>.<\/p>\n<\/div>\n","protected":false},"excerpt":{"rendered":"<p>Apr\u00e8s la mort de deux personnes sur la piste d\u2019atterrissage de l\u2019a\u00e9roport de Conakry, sa direction dans un communiqu\u00e9 a rappel\u00e9\u00a0: \u00ab\u00a0dans la nuit du 02 Septembre 2022 aux environs de 23h40, le vol TP 1492 de la compagnie TAP Portugal en provenance de Lisbonne a heurt\u00e9 deux (2) individus circulant sur une moto aux &hellip;<\/p>\n","protected":false},"author":1,"featured_media":0,"comment_status":"closed","ping_status":"closed","sticky":false,"template":"","format":"standard","meta":{"footnotes":""},"categories":[2],"tags":[22],"_links":{"self":[{"href":"https:\/\/sn.ambaguinee.org\/index.php?rest_route=\/wp\/v2\/posts\/38197"}],"collection":[{"href":"https:\/\/sn.ambaguinee.org\/index.php?rest_route=\/wp\/v2\/posts"}],"about":[{"href":"https:\/\/sn.ambaguinee.org\/index.php?rest_route=\/wp\/v2\/types\/post"}],"author":[{"embeddable":true,"href":"https:\/\/sn.ambaguinee.org\/index.php?rest_route=\/wp\/v2\/users\/1"}],"replies":[{"embeddable":true,"href":"https:\/\/sn.ambaguinee.org\/index.php?rest_route=%2Fwp%2Fv2%2Fcomments&post=38197"}],"version-history":[{"count":0,"href":"https:\/\/sn.ambaguinee.org\/index.php?rest_route=\/wp\/v2\/posts\/38197\/revisions"}],"wp:attachment":[{"href":"https:\/\/sn.ambaguinee.org\/index.php?rest_route=%2Fwp%2Fv2%2Fmedia&parent=38197"}],"wp:term":[{"taxonomy":"category","embeddable":true,"href":"https:\/\/sn.ambaguinee.org\/index.php?rest_route=%2Fwp%2Fv2%2Fcategories&post=38197"},{"taxonomy":"post_tag","embeddable":true,"href":"https:\/\/sn.ambaguinee.org\/index.php?rest_route=%2Fwp%2Fv2%2Ftags&post=38197"}],"curies":[{"name":"wp","href":"https:\/\/api.w.org\/{rel}","templated":true}]}}