{"id":64863,"date":"2024-04-17T18:19:34","date_gmt":"2024-04-17T16:19:34","guid":{"rendered":"https:\/\/sn.ambaguinee.org\/?p=64863"},"modified":"2024-04-17T18:19:34","modified_gmt":"2024-04-17T16:19:34","slug":"crief-laffaire-zenab-nabaya-et-cie-renvoyee-au-24-avril-pour-la-reprise-des-debats","status":"publish","type":"post","link":"https:\/\/sn.ambaguinee.org\/?p=64863","title":{"rendered":"Crief : l\u2019affaire Zenab Nabaya et Cie renvoy\u00e9e au 24 avril pour la reprise des d\u00e9bats"},"content":{"rendered":"<div>\n<div style=\"margin-bottom:20px;\"><img width=\"898\" height=\"596\"src=\"https:\/\/i0.wp.com\/mediaguinee.com\/wp-content\/uploads\/2020\/12\/Zenab.jpg?w=898&amp;ssl=1\" class=\"attachment-post-thumbnail size-post-thumbnail wp-post-image\" alt=\"\" decoding=\"async\" srcset=\"https:\/\/i0.wp.com\/mediaguinee.com\/wp-content\/uploads\/2020\/12\/Zenab.jpg?w=898&amp;ssl=1 898w, https:\/\/i0.wp.com\/mediaguinee.com\/wp-content\/uploads\/2020\/12\/Zenab.jpg?resize=300%2C199&amp;ssl=1 300w, https:\/\/i0.wp.com\/mediaguinee.com\/wp-content\/uploads\/2020\/12\/Zenab.jpg?resize=768%2C510&amp;ssl=1 768w\" sizes=\"(max-width: 898px) 100vw, 898px\" data-attachment-id=\"138693\" data-permalink=\"https:\/\/mediaguinee.com\/2020\/12\/affaire-des-200-milliards-la-maison-des-associations-demande-a-la-ministre-zenab-de-demissionner-copie\/zenab-5\/\" data-orig-file=\"https:\/\/i0.wp.com\/mediaguinee.com\/wp-content\/uploads\/2020\/12\/Zenab.jpg?fit=898%2C596&amp;ssl=1\" data-orig-size=\"898,596\" data-comments-opened=\"1\" data-image-meta='{\"aperture\":\"0\",\"credit\":\"\",\"camera\":\"\",\"caption\":\"\",\"created_timestamp\":\"0\",\"copyright\":\"\",\"focal_length\":\"0\",\"iso\":\"0\",\"shutter_speed\":\"0\",\"title\":\"\",\"orientation\":\"0\"}' data-image-title=\"Zenab\" data-image-description=\"\" data-image-caption=\"\" data-medium-file=\"https:\/\/i0.wp.com\/mediaguinee.com\/wp-content\/uploads\/2020\/12\/Zenab.jpg?fit=300%2C199&amp;ssl=1\" data-large-file=\"https:\/\/i0.wp.com\/mediaguinee.com\/wp-content\/uploads\/2020\/12\/Zenab.jpg?fit=898%2C596&amp;ssl=1\"><\/div>\n<div id=\"m#msg-f:1796586514361266088\" class=\"mail-message expanded\">\n<div class=\"mail-message-content collapsible zoom-normal mail-show-images \">\n<div class=\"clear\">\n<div dir=\"auto\">\n<div dir=\"auto\">La d\u00e9cision de la chambre sp\u00e9ciale de contr\u00f4le de l\u2019instruction a transf\u00e9r\u00e9 ou pas par devant la chambre du jugement de la Cour de r\u00e9pression des infractions \u00e9conomiques et financi\u00e8res(Crief) de l\u2019affaire d\u2019un d\u00e9tournement portant sur un montant de 200 milliards de francs guin\u00e9ens commun\u00e9ment appel\u00e9e le dossier Nabayagate qui \u00e9tait attendue, ce mercredi 17 avril 2024 n\u2019est finalement pas tomb\u00e9e.<\/div>\n<div dir=\"auto\">Une affaire qui met en cause les anciens dignitaires du r\u00e9gime Alpha Cond\u00e9 \u00e0 savoir: Zenab Nabaya Drame(en fuite), Tibou Kamara, Ismael Dioubat\u00e9 et Evelyne Fola Mansar\u00e9.<\/div>\n<div dir=\"auto\">\u00c0 l\u2019audience qui s\u2019est tenue aujourd\u2019hui, le pr\u00e9sident de la chambre sp\u00e9ciale de contr\u00f4le de l\u2019instruction, Alhassane Mabinty Camara a renvoy\u00e9 l\u2019affaire au 24 avril prochain pour la reprise des d\u00e9bats \u00e0 la demande des avocats de l\u2019ex ministre du Budget, Ismael Dioubat\u00e9 et de l\u2019ex\u00a0 DAAF, Evelyne Fola Mansar\u00e9, absents \u00e0 l\u2019audience derni\u00e8re.<\/div>\n<div dir=\"auto\">Ces avocats d\u2019Isma\u00ebl Dioubate et Evelyne Fola Mansare ont plaid\u00e9 la cour de leur accorder la reprise des d\u00e9bats afin de leur permettre aussi de bien d\u00e9fendre la position de leurs clients.<\/div>\n<div dir=\"auto\">La chambre sp\u00e9ciale de contr\u00f4le de l\u2019instruction est saisie par le procureur sp\u00e9cial, Aly Tour\u00e9 et l\u2019Agent judiciaire de l\u2019\u00e9tat pour obtenir purement et simplement l\u2019annulation de la d\u00e9cision du novembre dernier de la chambre de l\u2019instruction qui a prononc\u00e9 un non-lieu en faveur de l\u2019ex ministre de l\u2019Industrie et des PME, Tibou Kamara et l\u2019ex ministre du Budget, Isma\u00ebl Dioubat\u00e9 te.Et, qui a renvoy\u00e9 par contre Zenab Drame connue sous le nom de Zenab Nabaya devant la chambre du jugement pour un d\u00e9tournement de deniers publics portant sur un montant de 28 milliards au lieu de 200 milliards de francs guin\u00e9ens annonc\u00e9s depuis \u00e0 l\u2019enqu\u00eate pr\u00e9liminaire. Et quant \u00e0 l\u2019ex DAAF du minist\u00e8re de l\u2019Enseignement technique et de la Formation professionnelle, Evelyne Fola Mansar\u00e9, elle a \u00e9t\u00e9 renvoy\u00e9e pour complicit\u00e9 par devant la chambre du jugement de la crief. Par ailleurs la m\u00eame chambre des appels a \u00e9t\u00e9 saisie par la dame Zenab Nabaya Drame,qui \u00e0 son tour a interjet\u00e9 appel contre la d\u00e9cision qui l\u2019envoie par devant la chambre du jugement.<\/div>\n<div dir=\"auto\">Par cons\u00e9quent, le procureur sp\u00e9cial et l\u2019agent judiciaire de l\u2019Etat demandent \u00e0 la chambre sp\u00e9ciale de contr\u00f4le de l\u2019instruction le transfert de tous les concern\u00e9s par devant la chambre du jugement. Et, la d\u00e9fense solliicite que le parquet sp\u00e9cial et l\u2019Agent judiciaire de l\u2019\u00c9tat soient d\u00e9bout\u00e9s.<\/div>\n<div dir=\"auto\">\u00c0 pr\u00e9ciser que c\u2019est en f\u00e9vrier 2022 que l\u2019ex ministre de l\u2019industrie et des PME, Tibou Kamara, l\u2019ex ministre du budget, Ismael Dioubat\u00e9, l\u2019ex ministre, de l\u2019Enseignement technique et de la formation professionnelle, Zenab Dram\u00e9 connue sous le nom de Zenab Nabaya(en fuite) et l\u2019ex DAAF du minist\u00e8re de l\u2019Enseignement technique et de la Formation professionnelle, Evelyne Fola Mansar\u00e9 ont \u00e9t\u00e9 inculp\u00e9s pour des faits pr\u00e9sum\u00e9s de d\u00e9tournement dans l\u2019affaire Nabayagate portant sur un montant de plus de 200 milliards de francs guin\u00e9ens. Et que l\u2019ex ministre, Ismael Dioubat\u00e9 et la DAAF, Evelyne Mansar\u00e9 ont \u00e9t\u00e9 plac\u00e9s sous mandat de d\u00e9p\u00f4t en f\u00e9vrier 2022 avant de recouvrer leur libert\u00e9 en avril 2022.<\/div>\n<div dir=\"auto\"><\/div>\n<div dir=\"auto\"><b>Elisa Camara\u00a0<\/b><\/div>\n<div dir=\"auto\"><b>\u00a0<\/b><\/div>\n<div dir=\"auto\"><b>+224654957322<\/b><\/div>\n<div dir=\"auto\"><\/div>\n<div dir=\"auto\"><\/div>\n<div dir=\"auto\"><\/div>\n<div dir=\"auto\"><\/div>\n<div dir=\"auto\"><\/div>\n<div dir=\"auto\"><\/div>\n<div dir=\"auto\"><\/div>\n<\/div>\n<\/div>\n<\/div>\n<div class=\"mail-message-footer spacer collapsible\"><\/div>\n<\/div>\n<p>L\u2019article <a href=\"https:\/\/mediaguinee.com\/2024\/04\/crief-laffaire-zenab-nabaya-et-cie-renvoyee-au-24-avril-prochain-pour-la-reprise-des-debats\/\">Crief : l\u2019affaire Zenab Nabaya et Cie renvoy\u00e9e au 24 avril pour la reprise des d\u00e9bats<\/a> est apparu en premier sur <a href=\"https:\/\/mediaguinee.com\/\">Mediaguinee.com<\/a>.<\/p>\n<\/div>\n","protected":false},"excerpt":{"rendered":"<p>La d\u00e9cision de la chambre sp\u00e9ciale de contr\u00f4le de l\u2019instruction a transf\u00e9r\u00e9 ou pas par devant la chambre du jugement de la Cour de r\u00e9pression des infractions \u00e9conomiques et financi\u00e8res(Crief) de l\u2019affaire d\u2019un d\u00e9tournement portant sur un montant de 200 milliards de francs guin\u00e9ens commun\u00e9ment appel\u00e9e le dossier Nabayagate qui \u00e9tait attendue, ce mercredi 17 &hellip;<\/p>\n","protected":false},"author":1,"featured_media":0,"comment_status":"closed","ping_status":"closed","sticky":false,"template":"","format":"standard","meta":{"footnotes":""},"categories":[2],"tags":[23],"_links":{"self":[{"href":"https:\/\/sn.ambaguinee.org\/index.php?rest_route=\/wp\/v2\/posts\/64863"}],"collection":[{"href":"https:\/\/sn.ambaguinee.org\/index.php?rest_route=\/wp\/v2\/posts"}],"about":[{"href":"https:\/\/sn.ambaguinee.org\/index.php?rest_route=\/wp\/v2\/types\/post"}],"author":[{"embeddable":true,"href":"https:\/\/sn.ambaguinee.org\/index.php?rest_route=\/wp\/v2\/users\/1"}],"replies":[{"embeddable":true,"href":"https:\/\/sn.ambaguinee.org\/index.php?rest_route=%2Fwp%2Fv2%2Fcomments&post=64863"}],"version-history":[{"count":0,"href":"https:\/\/sn.ambaguinee.org\/index.php?rest_route=\/wp\/v2\/posts\/64863\/revisions"}],"wp:attachment":[{"href":"https:\/\/sn.ambaguinee.org\/index.php?rest_route=%2Fwp%2Fv2%2Fmedia&parent=64863"}],"wp:term":[{"taxonomy":"category","embeddable":true,"href":"https:\/\/sn.ambaguinee.org\/index.php?rest_route=%2Fwp%2Fv2%2Fcategories&post=64863"},{"taxonomy":"post_tag","embeddable":true,"href":"https:\/\/sn.ambaguinee.org\/index.php?rest_route=%2Fwp%2Fv2%2Ftags&post=64863"}],"curies":[{"name":"wp","href":"https:\/\/api.w.org\/{rel}","templated":true}]}}